{"id":25242,"date":"2020-08-28T11:18:52","date_gmt":"2020-08-28T09:18:52","guid":{"rendered":"https:\/\/herzogtum-direkt.de\/?p=25242"},"modified":"2020-08-28T11:18:52","modified_gmt":"2020-08-28T09:18:52","slug":"gruene-fordern-holzeinschlags-moratorium-fuer-laubbaeume","status":"publish","type":"post","link":"https:\/\/herzogtum-direkt.de\/index.php\/2020\/08\/28\/gruene-fordern-holzeinschlags-moratorium-fuer-laubbaeume\/","title":{"rendered":"Gr\u00fcne fordern Holzeinschlags-Moratorium f\u00fcr Laubb\u00e4ume"},"content":{"rendered":"<p><strong>Herzogtum Lauenburg (pm).<\/strong> \u201eWelche Zukunft haben unsere W\u00e4lder, wenn aufgrund des deutlich sp\u00fcrbaren und fortschreitenden Klimawandels die D\u00fcrreperioden immer langanhaltender und extremer werden?&#8220; Auf diese Frage m\u00f6chte die Kreistagsfraktion von B\u00fcndnis 90\/Die Gr\u00fcnen mit einem ge\u00e4nderten Konzept der Waldbewirtschaftung antworten. F\u00fcr die kommende Kreistagssitzung am 3. September beantragt sie, den Einschlag f\u00fcr Laubb\u00e4ume solange auszusetzen, bis die Bestandsaufnahme der Forsten abgeschlossen ist und R\u00fcckschl\u00fcsse auf einen neuen Hiebsatz gewonnen werden k\u00f6nnen.<\/p>\n<p>&#8222;Auf Grund des durch Trockenperioden gebremsten Wachstums sollte der Fokus nicht mehr auf die Einschlagsmenge, sondern auf die Bestandsstabilit\u00e4t gesetzt werden&#8220;, so die Gr\u00fcne Kreistagsabgeordnete und Vorsitzende des Forsten, Energie, Umwelt- und Klimaschutz-Ausschusses Kornelia Mrowitzky. Da derzeit die Leitlinien f\u00fcr die Kreisforsten bez\u00fcglich einer Bewirtschaftung neu definiert werden, m\u00f6chten die Kreis-Gr\u00fcnen dem Wald eine Ruhepause g\u00f6nnen. Durch ein Holzeinschlags-Moratorium f\u00fcr Laubb\u00e4ume sollen die heimischen und damit robusteren Baumarten aus der Bewirtschaftung herausgenommen werden.<\/p>\n<p>&#8222;Wir Gr\u00fcnen m\u00f6chten sichergehen, dass der Wald seine f\u00fcr uns Menschen so notwendigen Schutzfunktionen auch langfristig noch aufrechterhalten kann. Erst wenn das sichergestellt ist, kann eine ma\u00dfvolle Bewirtschaftung auch der Laubb\u00e4ume wieder erfolgen&#8220;, so die Gr\u00fcne Kreistagsabgeordnete Claudia Reinke. Einen entsprechenden Antrag hat die gr\u00fcne Fraktion nun f\u00fcr die Kreistagssitzung eingereicht.<\/p>\n","protected":false},"excerpt":{"rendered":"<p>Herzogtum Lauenburg (pm). \u201eWelche Zukunft haben unsere W\u00e4lder, wenn aufgrund des deutlich sp\u00fcrbaren und fortschreitenden Klimawandels die D\u00fcrreperioden immer langanhaltender und extremer werden?&#8220; Auf diese Frage m\u00f6chte die Kreistagsfraktion von B\u00fcndnis 90\/Die Gr\u00fcnen mit einem ge\u00e4nderten Konzept der Waldbewirtschaftung antworten. F\u00fcr die kommende Kreistagssitzung am 3. September beantragt sie, den Einschlag f\u00fcr Laubb\u00e4ume solange auszusetzen, [&hellip;]<\/p>\n","protected":false},"author":2,"featured_media":25243,"comment_status":"open","ping_status":"closed","sticky":false,"template":"","format":"standard","meta":{"jnews-multi-image_gallery":[],"jnews_single_post":[],"jnews_primary_category":[],"jnews_social_meta":[],"jnews_override_counter":[],"jnews_post_split":[],"footnotes":""},"categories":[63],"tags":[144,1898],"class_list":["post-25242","post","type-post","status-publish","format-standard","has-post-thumbnail","hentry","category-herzogtum-lauenburg","tag-buendnis-90-die-gruene","tag-wald"],"_links":{"self":[{"href":"https:\/\/herzogtum-direkt.de\/index.php\/wp-json\/wp\/v2\/posts\/25242","targetHints":{"allow":["GET"]}}],"collection":[{"href":"https:\/\/herzogtum-direkt.de\/index.php\/wp-json\/wp\/v2\/posts"}],"about":[{"href":"https:\/\/herzogtum-direkt.de\/index.php\/wp-json\/wp\/v2\/types\/post"}],"author":[{"embeddable":true,"href":"https:\/\/herzogtum-direkt.de\/index.php\/wp-json\/wp\/v2\/users\/2"}],"replies":[{"embeddable":true,"href":"https:\/\/herzogtum-direkt.de\/index.php\/wp-json\/wp\/v2\/comments?post=25242"}],"version-history":[{"count":1,"href":"https:\/\/herzogtum-direkt.de\/index.php\/wp-json\/wp\/v2\/posts\/25242\/revisions"}],"predecessor-version":[{"id":25244,"href":"https:\/\/herzogtum-direkt.de\/index.php\/wp-json\/wp\/v2\/posts\/25242\/revisions\/25244"}],"wp:featuredmedia":[{"embeddable":true,"href":"https:\/\/herzogtum-direkt.de\/index.php\/wp-json\/wp\/v2\/media\/25243"}],"wp:attachment":[{"href":"https:\/\/herzogtum-direkt.de\/index.php\/wp-json\/wp\/v2\/media?parent=25242"}],"wp:term":[{"taxonomy":"category","embeddable":true,"href":"https:\/\/herzogtum-direkt.de\/index.php\/wp-json\/wp\/v2\/categories?post=25242"},{"taxonomy":"post_tag","embeddable":true,"href":"https:\/\/herzogtum-direkt.de\/index.php\/wp-json\/wp\/v2\/tags?post=25242"}],"curies":[{"name":"wp","href":"https:\/\/api.w.org\/{rel}","templated":true}]}}