{"id":25230,"date":"2020-08-28T10:41:10","date_gmt":"2020-08-28T08:41:10","guid":{"rendered":"https:\/\/herzogtum-direkt.de\/?p=25230"},"modified":"2020-08-28T13:24:09","modified_gmt":"2020-08-28T11:24:09","slug":"thomas-peters-ist-der-cdu-kandidat-fuer-die-bundestagswahl-2021","status":"publish","type":"post","link":"https:\/\/herzogtum-direkt.de\/index.php\/2020\/08\/28\/thomas-peters-ist-der-cdu-kandidat-fuer-die-bundestagswahl-2021\/","title":{"rendered":"Thomas Peters ist der CDU-Kandidat f\u00fcr die Bundestagswahl 2021"},"content":{"rendered":"<p><strong>Herzogtum Lauenburg (pm).<\/strong> Die Entscheidung ist gefallen: Dr. Thomas Peters wurde am vergangenen Sonnabend von den CDU-Mitgliedern als Kandidat f\u00fcr die Bundestagswahl 2021 im Wahlkreis 10 (Herzogtum Lauenburg\/S\u00fcd-Stormarn) nominiert. Der langj\u00e4hrige <a href=\"https:\/\/herzogtum-direkt.de\/index.php\/2020\/05\/30\/norbert-brackmann-kandidiert-nicht-mehr-fuer-den-bundestag\/\">Bundestagsabgeordnete Norbert Brackmann aus Lauenburg hatte bereits im Mai verk\u00fcndet<\/a>, nicht erneut f\u00fcr den Bundestag zu kandidieren.<\/p>\n<p>Die Versammlung fand unter besonderen Hygienema\u00dfnahmen in der Stormarnhalle in Bad Oldesloe statt. 246 Wahlberechtige hatten sich eingefunden und erlebten einen spannenden Dreikampf zwischen den beiden Bewerbern aus dem Herzogtum Lauenburg, Dr. Thomas Peter saus Wentorf bei Hamburg, dem M\u00f6llner Rasmus V\u00f6ge sowie der Bewerberin aus Stormarn, Bettina Spechtmeyer-H\u00f6gelaus Todendorf. In einer jeweils zehnmin\u00fctigen Vorstellungsrede hatten alle drei Kandidaten die Gelegenheit, die W\u00e4hler von ihrer Eignung als k\u00fcnftiger Abgeordneter im Deutschen Bundestag zu \u00fcberzeugen. Die Reihenfolge der Redner wurde ausgelost.<\/p>\n<p>Nachdem Bettina Spechtmeyer-H\u00f6gel als erste Rednerin mit einer starken Leistung aufwarten konnte, gelang es dem 45-j\u00e4hrigen Vater zweier Kinder die Anwesenden zu begeistern: In seinem Vortrag verwies Peters darauf, dass die CDU es sei, die in diesem corona-bedingten Stresstest f\u00fcr Deutschland \u201eden Hut\u201c aufhabe und so W\u00e4hlervertrauen zur\u00fcckgewinnen konnte. Strukturiert zeichnete er auf, wo die politischen Herausforderungen der kommenden Jahre f\u00fcr Deutschland liegen werden. Den Schwerpunkt legte der promovierte Jurist und Gesch\u00e4ftsf\u00fchrer eines mittelst\u00e4ndischen Unternehmens dabei auf die Ausrichtung der Wirtschafts- und Finanzpolitik, einer fl\u00e4chendeckenden Digitalisierung und Aspekte der Klima-und Energiepolitik. Ein ums andere Mal machte Peters, der seit 27 Jahren kommunalpolitisch engagiert ist, deutlich, wie wichtig ihm dabei der Kontakt zur Basis sei. Sein politischer Kompass, den er mit dem Slogan \u201eanpacken, zuh\u00f6ren, gestalten\u201c skizzierte, verfing: Wiederholter Zwischenapplaus und der langanhaltende Applaus am Ende seiner Rede waren mehr als ein deutlicher Fingerzeig.<\/p>\n<p>Das spiegelte sich auch im Ergebnis des ersten Wahlganges wider: Mit 117 Stimmen verfehlte Dr. Thomas Peters die erforderliche Mehrheit lediglich um sieben Stimmen, sodass eine Stichwahl erforderlich wurde. Kuriosum: Seine Mitbewerber erhielten jeweils 64 Stimmen.<\/p>\n<p>Tagungspr\u00e4sident Lukas Kilian, Landtagsabgeordneter aus Stormarn, der sich als sehr souver\u00e4ner Versammlungsleiter pr\u00e4sentierte, verwies auf das f\u00fcr diesen Fallsatzungsgem\u00e4\u00df vorgesehene Losverfahren. Bettina Spechtmeyer-H\u00f6gel hatte dabei das Losgl\u00fcck auf ihrer Seite. In der entscheidenden Stichwahl gelang es Dr. Thomas Peters, seinen Vorsprung gegen\u00fcber der Stormarner Kandidatin weiter auszubauen und so siegte er mit 134 zu 110 Stimmen. \u201eIch freue mich auf den Wahlkampf, ich freue mich mit Ihnen, darum zu k\u00e4mpfen, dass die CDU die st\u00e4rkste Kraft in diesem Wahlkreis und unserem Land bleibt&#8220;, kn\u00fcpfte Peters im Schlusswort nahtlos an seine k\u00e4mpferische Rede an,zeigte sich dabei aber auch von seiner empathischen Seite, in dem er seiner Ehefrau f\u00fcr die Unterst\u00fctzung im Wahlkampf dankte. Zu den ersten Gratulanten z\u00e4hlten neben Norbert Brackmann, der CDU-Kreisvorsitzende von Stormarn, Tobias Koch und die stellvertretende CDU-Kreisvorsitzende f\u00fcr das Herzogtum Lauenburg, Andrea Tschacher.<\/p>\n<p>Norbert Brackmann zog eine positive Bilanz des Wahltages: \u201eF\u00fcr meine Nachfolge haben sich drei tolle Kandidaten beworben. Ein Umstand, um den uns andere Parteien beneiden. Nur einer konnte gewinnen. Ich bin davon \u00fcberzeugt, dass Dr. Peters unseren Wahlkreis hervorragend in Berlin vertreten wird.\u201c<\/p>\n","protected":false},"excerpt":{"rendered":"<p>Herzogtum Lauenburg (pm). Die Entscheidung ist gefallen: Dr. Thomas Peters wurde am vergangenen Sonnabend von den CDU-Mitgliedern als Kandidat f\u00fcr die Bundestagswahl 2021 im Wahlkreis 10 (Herzogtum Lauenburg\/S\u00fcd-Stormarn) nominiert. Der langj\u00e4hrige Bundestagsabgeordnete Norbert Brackmann aus Lauenburg hatte bereits im Mai verk\u00fcndet, nicht erneut f\u00fcr den Bundestag zu kandidieren. Die Versammlung fand unter besonderen Hygienema\u00dfnahmen in [&hellip;]<\/p>\n","protected":false},"author":2,"featured_media":25231,"comment_status":"open","ping_status":"closed","sticky":false,"template":"","format":"standard","meta":{"jnews-multi-image_gallery":[],"jnews_single_post":[],"jnews_primary_category":[],"jnews_social_meta":[],"jnews_override_counter":[],"jnews_post_split":[],"footnotes":""},"categories":[63,2],"tags":[2779,1816],"class_list":["post-25230","post","type-post","status-publish","format-standard","has-post-thumbnail","hentry","category-herzogtum-lauenburg","category-startseite","tag-bundestagswahl-2021","tag-cdu-herzogtum-lauenburg"],"_links":{"self":[{"href":"https:\/\/herzogtum-direkt.de\/index.php\/wp-json\/wp\/v2\/posts\/25230","targetHints":{"allow":["GET"]}}],"collection":[{"href":"https:\/\/herzogtum-direkt.de\/index.php\/wp-json\/wp\/v2\/posts"}],"about":[{"href":"https:\/\/herzogtum-direkt.de\/index.php\/wp-json\/wp\/v2\/types\/post"}],"author":[{"embeddable":true,"href":"https:\/\/herzogtum-direkt.de\/index.php\/wp-json\/wp\/v2\/users\/2"}],"replies":[{"embeddable":true,"href":"https:\/\/herzogtum-direkt.de\/index.php\/wp-json\/wp\/v2\/comments?post=25230"}],"version-history":[{"count":1,"href":"https:\/\/herzogtum-direkt.de\/index.php\/wp-json\/wp\/v2\/posts\/25230\/revisions"}],"predecessor-version":[{"id":25232,"href":"https:\/\/herzogtum-direkt.de\/index.php\/wp-json\/wp\/v2\/posts\/25230\/revisions\/25232"}],"wp:featuredmedia":[{"embeddable":true,"href":"https:\/\/herzogtum-direkt.de\/index.php\/wp-json\/wp\/v2\/media\/25231"}],"wp:attachment":[{"href":"https:\/\/herzogtum-direkt.de\/index.php\/wp-json\/wp\/v2\/media?parent=25230"}],"wp:term":[{"taxonomy":"category","embeddable":true,"href":"https:\/\/herzogtum-direkt.de\/index.php\/wp-json\/wp\/v2\/categories?post=25230"},{"taxonomy":"post_tag","embeddable":true,"href":"https:\/\/herzogtum-direkt.de\/index.php\/wp-json\/wp\/v2\/tags?post=25230"}],"curies":[{"name":"wp","href":"https:\/\/api.w.org\/{rel}","templated":true}]}}