{"id":2435,"date":"2018-04-06T07:45:59","date_gmt":"2018-04-06T07:45:59","guid":{"rendered":"https:\/\/herzogtum-direkt.de\/?p=2435"},"modified":"2018-04-06T07:45:59","modified_gmt":"2018-04-06T07:45:59","slug":"vollsperrung-bei-luechow","status":"publish","type":"post","link":"https:\/\/herzogtum-direkt.de\/index.php\/2018\/04\/06\/vollsperrung-bei-luechow\/","title":{"rendered":"Vollsperrung bei L\u00fcchow"},"content":{"rendered":"<p><strong>L\u00fcchow (pm).<\/strong> Auf der Kreisstra\u00dfe 33 zwischen L\u00fcchow und der Landesstra\u00dfe 92 beginnen am Dienstag, 10. April 2018, Instandsetzungsarbeiten am Fahrbahnk\u00f6rper. Hierzu muss die Kreisstra\u00dfe vor\u00fcbergehend voll gesperrt werden. Eine Umleitung \u00fcber Labenz wird vor Ort ausgeschildert.<\/p>\n<p>F\u00fcr die Arbeiten wurden die Osterferien gew\u00e4hlt, um den Sch\u00fclerverkehr nicht zu beeintr\u00e4chtigen. Die Ma\u00dfnahmen sollen bis zum 13. April 2018 abgeschlossen sein. Witterungsbedingte Verschiebungen k\u00f6nnen aber nicht ausgeschlossen werden.<\/p>\n<p>Der Kreis bittet um Verst\u00e4ndnis f\u00fcr die auszuf\u00fchrenden Arbeiten.<\/p>\n","protected":false},"excerpt":{"rendered":"<p>L\u00fcchow (pm). Auf der Kreisstra\u00dfe 33 zwischen L\u00fcchow und der Landesstra\u00dfe 92 beginnen am Dienstag, 10. April 2018, Instandsetzungsarbeiten am Fahrbahnk\u00f6rper. Hierzu muss die Kreisstra\u00dfe vor\u00fcbergehend voll gesperrt werden. Eine Umleitung \u00fcber Labenz wird vor Ort ausgeschildert. F\u00fcr die Arbeiten wurden die Osterferien gew\u00e4hlt, um den Sch\u00fclerverkehr nicht zu beeintr\u00e4chtigen. Die Ma\u00dfnahmen sollen bis zum [&hellip;]<\/p>\n","protected":false},"author":2,"featured_media":1583,"comment_status":"open","ping_status":"closed","sticky":false,"template":"","format":"standard","meta":{"jnews-multi-image_gallery":[],"jnews_single_post":[],"jnews_primary_category":[],"jnews_social_meta":[],"jnews_override_counter":[],"jnews_post_split":[],"footnotes":""},"categories":[67],"tags":[355,532,531,530],"class_list":["post-2435","post","type-post","status-publish","format-standard","has-post-thumbnail","hentry","category-amt-sandesneben-nusse","tag-baustelle","tag-labenz","tag-luechow","tag-vollsperrung"],"_links":{"self":[{"href":"https:\/\/herzogtum-direkt.de\/index.php\/wp-json\/wp\/v2\/posts\/2435","targetHints":{"allow":["GET"]}}],"collection":[{"href":"https:\/\/herzogtum-direkt.de\/index.php\/wp-json\/wp\/v2\/posts"}],"about":[{"href":"https:\/\/herzogtum-direkt.de\/index.php\/wp-json\/wp\/v2\/types\/post"}],"author":[{"embeddable":true,"href":"https:\/\/herzogtum-direkt.de\/index.php\/wp-json\/wp\/v2\/users\/2"}],"replies":[{"embeddable":true,"href":"https:\/\/herzogtum-direkt.de\/index.php\/wp-json\/wp\/v2\/comments?post=2435"}],"version-history":[{"count":1,"href":"https:\/\/herzogtum-direkt.de\/index.php\/wp-json\/wp\/v2\/posts\/2435\/revisions"}],"predecessor-version":[{"id":2436,"href":"https:\/\/herzogtum-direkt.de\/index.php\/wp-json\/wp\/v2\/posts\/2435\/revisions\/2436"}],"wp:featuredmedia":[{"embeddable":true,"href":"https:\/\/herzogtum-direkt.de\/index.php\/wp-json\/wp\/v2\/media\/1583"}],"wp:attachment":[{"href":"https:\/\/herzogtum-direkt.de\/index.php\/wp-json\/wp\/v2\/media?parent=2435"}],"wp:term":[{"taxonomy":"category","embeddable":true,"href":"https:\/\/herzogtum-direkt.de\/index.php\/wp-json\/wp\/v2\/categories?post=2435"},{"taxonomy":"post_tag","embeddable":true,"href":"https:\/\/herzogtum-direkt.de\/index.php\/wp-json\/wp\/v2\/tags?post=2435"}],"curies":[{"name":"wp","href":"https:\/\/api.w.org\/{rel}","templated":true}]}}