{"id":24233,"date":"2020-07-12T10:14:06","date_gmt":"2020-07-12T09:14:06","guid":{"rendered":"https:\/\/herzogtum-direkt.de\/?p=24233"},"modified":"2020-07-12T10:14:06","modified_gmt":"2020-07-12T09:14:06","slug":"neustart-beim-foerderverein-der-freiwilligen-feuerwehr-ratzeburg","status":"publish","type":"post","link":"https:\/\/herzogtum-direkt.de\/index.php\/2020\/07\/12\/neustart-beim-foerderverein-der-freiwilligen-feuerwehr-ratzeburg\/","title":{"rendered":"Neustart beim F\u00f6rderverein der Freiwilligen Feuerwehr Ratzeburg"},"content":{"rendered":"<p><strong>Ratzeburg (pm).<\/strong> Die Coronazeit hat viele Aktivit\u00e4ten lahm gelegt, so auch beim F\u00f6rderverein der Freiwilligen Feuerwehr Ratzeburg (FFRZ). Seit M\u00c3rz ging auch hier nichts mehr, keine Vorstandssitzung, keine Hauptversammlung und keine offiziellen \u00dcbergaben des angeschafften Einsatzmaterials. Aber nun wird wieder durchgestartet.<\/p>\n<p>Am Donnerstag (9. Juli 2020) hatte der F\u00f6rderverein seine erste Vorstandssitzung mit Sicherheitsabstand, eben coronaconform. So war es dem Vorstand nun m\u00f6glich einige Beschl\u00fcsse f\u00fcr Neuanschaffungen f\u00fcr die Wehr zu beschlie\u00dfen. Es gab wieder viele W\u00fcnsche, die der Wehrf\u00fchrer, Christian Nimtz, im Namen seines Vorstandes der aktiven Wehr, bei dieser Sitzung vortrug. Allen konnte entsprochen werden und so werden die Bestellungen schnell rausgehen. Die Kameraden der Wehr k\u00f6nnen sich bald \u00fcber Neuanschaffungen freuen.<\/p>\n<p>Thema dieser Sitzung war au\u00dferdem auch der Flohmarkt im Oktober 2020. Es wurde einstimmig beschlossen diesen Flohmarkt nicht durchzuf\u00fchren, da in den drei Hallen sowie in der Cafeteria die Hygiene Ma\u00dfnahmen nicht umgesetzt werden k\u00f6nnen. So muss es nun nochmals eine Verschiebung auf M\u00e4rz 2021 geben. Die bereits angemeldeten Pl\u00e4tze k\u00f6nnen gerne jetzt schon best\u00e4tigt werden.<\/p>\n<p>Zum Schlu\u00df der Vorstandssitzung zeigte der Wehrf\u00fchrer noch alle neuen Anschaffungen, die schon auf den Einsatzfahrzeugen platziert werden konnten, wie die Brandschutzhacken, die Waldbrandrucks\u00e4cke und die neuen Schl\u00e4uche. Auch gab der Wehrf\u00fchrer einen interessanten Einblick in die derzeitigen Schwerpunkte der Wehr. Alles in allem nach langer Zeit wieder eine sehr erfolgreiche Sitzung.<\/p>\n<p>Im September folgt die n\u00e4chste und sicherlich mit genau soviel Elan.<\/p>\n","protected":false},"excerpt":{"rendered":"<p>Ratzeburg (pm). Die Coronazeit hat viele Aktivit\u00e4ten lahm gelegt, so auch beim F\u00f6rderverein der Freiwilligen Feuerwehr Ratzeburg (FFRZ). Seit M\u00c3rz ging auch hier nichts mehr, keine Vorstandssitzung, keine Hauptversammlung und keine offiziellen \u00dcbergaben des angeschafften Einsatzmaterials. Aber nun wird wieder durchgestartet. Am Donnerstag (9. Juli 2020) hatte der F\u00f6rderverein seine erste Vorstandssitzung mit Sicherheitsabstand, eben [&hellip;]<\/p>\n","protected":false},"author":2,"featured_media":24234,"comment_status":"open","ping_status":"closed","sticky":false,"template":"","format":"standard","meta":{"jnews-multi-image_gallery":[],"jnews_single_post":[],"jnews_primary_category":[],"jnews_social_meta":[],"jnews_override_counter":[],"jnews_post_split":[],"footnotes":""},"categories":[63,64],"tags":[213,228],"class_list":["post-24233","post","type-post","status-publish","format-standard","has-post-thumbnail","hentry","category-herzogtum-lauenburg","category-ratzeburg","tag-foerderverein-der-freiwilligen-feuerwehr-ratzeburg","tag-freiwillige-feuerwehr-ratzeburg"],"_links":{"self":[{"href":"https:\/\/herzogtum-direkt.de\/index.php\/wp-json\/wp\/v2\/posts\/24233","targetHints":{"allow":["GET"]}}],"collection":[{"href":"https:\/\/herzogtum-direkt.de\/index.php\/wp-json\/wp\/v2\/posts"}],"about":[{"href":"https:\/\/herzogtum-direkt.de\/index.php\/wp-json\/wp\/v2\/types\/post"}],"author":[{"embeddable":true,"href":"https:\/\/herzogtum-direkt.de\/index.php\/wp-json\/wp\/v2\/users\/2"}],"replies":[{"embeddable":true,"href":"https:\/\/herzogtum-direkt.de\/index.php\/wp-json\/wp\/v2\/comments?post=24233"}],"version-history":[{"count":1,"href":"https:\/\/herzogtum-direkt.de\/index.php\/wp-json\/wp\/v2\/posts\/24233\/revisions"}],"predecessor-version":[{"id":24235,"href":"https:\/\/herzogtum-direkt.de\/index.php\/wp-json\/wp\/v2\/posts\/24233\/revisions\/24235"}],"wp:featuredmedia":[{"embeddable":true,"href":"https:\/\/herzogtum-direkt.de\/index.php\/wp-json\/wp\/v2\/media\/24234"}],"wp:attachment":[{"href":"https:\/\/herzogtum-direkt.de\/index.php\/wp-json\/wp\/v2\/media?parent=24233"}],"wp:term":[{"taxonomy":"category","embeddable":true,"href":"https:\/\/herzogtum-direkt.de\/index.php\/wp-json\/wp\/v2\/categories?post=24233"},{"taxonomy":"post_tag","embeddable":true,"href":"https:\/\/herzogtum-direkt.de\/index.php\/wp-json\/wp\/v2\/tags?post=24233"}],"curies":[{"name":"wp","href":"https:\/\/api.w.org\/{rel}","templated":true}]}}