{"id":23785,"date":"2020-06-21T05:09:28","date_gmt":"2020-06-21T04:09:28","guid":{"rendered":"https:\/\/herzogtum-direkt.de\/?p=23785"},"modified":"2020-06-23T09:16:17","modified_gmt":"2020-06-23T08:16:17","slug":"naturgewalten-im-revier-farchau","status":"publish","type":"post","link":"https:\/\/herzogtum-direkt.de\/index.php\/2020\/06\/21\/naturgewalten-im-revier-farchau\/","title":{"rendered":"Naturgewalten im Revier Farchau"},"content":{"rendered":"<p><strong>Farchau (pm).<\/strong> Die Unwetter am vergangenen Wochenende haben bei einer Buche im Forstrevier Farchau spektakul\u00e4re Spuren eines Blitzeinschlages hinterlassen. Kreisf\u00f6rster Moritz L\u00f6ffelmann entdeckte in einem Hang seines Revieres die besch\u00e4digte Buche, die mit ihrer Krone mit einer H\u00f6he von 35 Metern aus dem Kronendach des Waldes ragt.<\/p>\n<figure id=\"attachment_23786\" aria-describedby=\"caption-attachment-23786\" style=\"width: 283px\" class=\"wp-caption alignleft\"><a href=\"https:\/\/herzogtum-direkt.de\/wp-content\/uploads\/2020\/06\/Buche-1.jpg\"><img fetchpriority=\"high\" decoding=\"async\" class=\" wp-image-23786\" src=\"https:\/\/herzogtum-direkt.de\/wp-content\/uploads\/2020\/06\/Buche-1-225x300.jpg\" alt=\"\" width=\"283\" height=\"377\" srcset=\"https:\/\/herzogtum-direkt.de\/wp-content\/uploads\/2020\/06\/Buche-1-225x300.jpg 225w, https:\/\/herzogtum-direkt.de\/wp-content\/uploads\/2020\/06\/Buche-1-315x420.jpg 315w, https:\/\/herzogtum-direkt.de\/wp-content\/uploads\/2020\/06\/Buche-1.jpg 600w\" sizes=\"(max-width: 283px) 100vw, 283px\" \/><\/a><figcaption id=\"caption-attachment-23786\" class=\"wp-caption-text\">Ein Blitz hat seine Spuren in einer Buche hinterlassen und diese einfach gesch\u00e4lt. Foto: hfr<\/figcaption><\/figure>\n<p>F\u00fcr das Aufbl\u00e4ttern und Sch\u00e4len der Rinde sind die Leitungsbahnen f\u00fcr die Wasserversorgung verantwortlich, die \u2013 nicht wie h\u00e4ufig angenommen im Zentrum des Stammes, sondern unmittelbar unter der Rinde verlaufen. Das dort von den Wurzeln in die Krone des Baumes gef\u00fchrte Wasser verdampft bei einem Blitzeinschlag explosionsartig und f\u00fchrt dabei zum Absprengen der Rinde.<\/p>\n<p>\u201eDie entstandenen Risse und Spalten im Stamm werden ideale Sommerquartiere f\u00fcr Flederm\u00e4use. Wir hoffen, dass wir diese gro\u00dfartige Buche als Hochstamm so lange wie m\u00f6glich erhalten k\u00f6nnen, um den Spagat zwischen Erholung, Naturschutz und der Verkehrssicherung hinzubekommen\u201c, erg\u00e4nzt Kreisf\u00f6rster L\u00f6ffelmann.<\/p>\n<p>Buchen k\u00f6nnen weit \u00fcber 250 Jahre alt werden. Ab einem Alter von 140 bis 160 Jahren wird die Buche rotkernig. Dann verf\u00e4rbt sich das urspr\u00fcnglich helle Holz, wie wir es von M\u00f6beln oder Eisstielen kennen, r\u00f6tlich. F\u00fcr eine nachhaltige Holzverwendung muss die Buche daher geerntet werden, bevor diese bei vielen Holzprodukten unerw\u00fcnschte Rotf\u00e4rbung einsetzt.<\/p>\n<p>Der Wald der Kreisforsten ist nach den hohen Standards des FSC zertifiziert, um den nachwachsenden Rohstoff Holz regional, klimafreundlich und nachhaltig zur Verf\u00fcgung zu stellen.<\/p>\n","protected":false},"excerpt":{"rendered":"<p>Farchau (pm). Die Unwetter am vergangenen Wochenende haben bei einer Buche im Forstrevier Farchau spektakul\u00e4re Spuren eines Blitzeinschlages hinterlassen. Kreisf\u00f6rster Moritz L\u00f6ffelmann entdeckte in einem Hang seines Revieres die besch\u00e4digte Buche, die mit ihrer Krone mit einer H\u00f6he von 35 Metern aus dem Kronendach des Waldes ragt. F\u00fcr das Aufbl\u00e4ttern und Sch\u00e4len der Rinde sind [&hellip;]<\/p>\n","protected":false},"author":2,"featured_media":23787,"comment_status":"open","ping_status":"closed","sticky":false,"template":"","format":"standard","meta":{"jnews-multi-image_gallery":[],"jnews_single_post":[],"jnews_primary_category":[],"jnews_social_meta":[],"jnews_override_counter":[],"jnews_post_split":[],"footnotes":""},"categories":[69,73,2,1237],"tags":[2670],"class_list":["post-23785","post","type-post","status-publish","format-standard","has-post-thumbnail","hentry","category-amt-lauenburgische-seen","category-landleute","category-startseite","category-umweltnatur","tag-farchau"],"_links":{"self":[{"href":"https:\/\/herzogtum-direkt.de\/index.php\/wp-json\/wp\/v2\/posts\/23785","targetHints":{"allow":["GET"]}}],"collection":[{"href":"https:\/\/herzogtum-direkt.de\/index.php\/wp-json\/wp\/v2\/posts"}],"about":[{"href":"https:\/\/herzogtum-direkt.de\/index.php\/wp-json\/wp\/v2\/types\/post"}],"author":[{"embeddable":true,"href":"https:\/\/herzogtum-direkt.de\/index.php\/wp-json\/wp\/v2\/users\/2"}],"replies":[{"embeddable":true,"href":"https:\/\/herzogtum-direkt.de\/index.php\/wp-json\/wp\/v2\/comments?post=23785"}],"version-history":[{"count":2,"href":"https:\/\/herzogtum-direkt.de\/index.php\/wp-json\/wp\/v2\/posts\/23785\/revisions"}],"predecessor-version":[{"id":23789,"href":"https:\/\/herzogtum-direkt.de\/index.php\/wp-json\/wp\/v2\/posts\/23785\/revisions\/23789"}],"wp:featuredmedia":[{"embeddable":true,"href":"https:\/\/herzogtum-direkt.de\/index.php\/wp-json\/wp\/v2\/media\/23787"}],"wp:attachment":[{"href":"https:\/\/herzogtum-direkt.de\/index.php\/wp-json\/wp\/v2\/media?parent=23785"}],"wp:term":[{"taxonomy":"category","embeddable":true,"href":"https:\/\/herzogtum-direkt.de\/index.php\/wp-json\/wp\/v2\/categories?post=23785"},{"taxonomy":"post_tag","embeddable":true,"href":"https:\/\/herzogtum-direkt.de\/index.php\/wp-json\/wp\/v2\/tags?post=23785"}],"curies":[{"name":"wp","href":"https:\/\/api.w.org\/{rel}","templated":true}]}}