{"id":23586,"date":"2020-06-14T09:48:13","date_gmt":"2020-06-14T08:48:13","guid":{"rendered":"https:\/\/herzogtum-direkt.de\/?p=23586"},"modified":"2020-06-14T09:48:13","modified_gmt":"2020-06-14T08:48:13","slug":"vom-herzogtum-in-die-welt-spaniens-costa-brava-die-wilde-kueste","status":"publish","type":"post","link":"https:\/\/herzogtum-direkt.de\/index.php\/2020\/06\/14\/vom-herzogtum-in-die-welt-spaniens-costa-brava-die-wilde-kueste\/","title":{"rendered":"Vom Herzogtum in die Welt: Spaniens Costa Brava, die wilde K\u00fcste"},"content":{"rendered":"<p><strong>Von Antje Gaedt<\/strong><\/p>\n<p>Mein erster Blick aus dem Fenster ist atemberaubend: Meer, Felsen und eine insgesamt wundersch\u00f6ne K\u00fcste. Ich befinde mich an der Costa Brava, der wilden K\u00fcste Spaniens. Wenn man einige Ecken mit gro\u00dfen und vielen Hotels links liegen l\u00e4sst, hat diese Region viel wundersch\u00f6ne Landschaft, beschauliche D\u00f6rfer und tolle K\u00fcstenwanderwege zu bieten.<\/p>\n<p><strong>Gut ausgebaute Wanderwege f\u00fchren von Bucht zu Bucht<\/strong><\/p>\n<p>Ich beginne den Tag mit einer Wanderung entlang der felsigen K\u00fcste. Ein gut ausgebauter Wanderweg f\u00fchrt mich von Bucht zu Bucht. Ein dichter Pinienwald bildet die ideale Hintergrundkulisse zu Felsen und Meer. Leise schwappt das glasklare Wasser an das Ufer, die V\u00f6gel l\u00e4uten bereits zwitschernd den Fr\u00fchling ein. Es sind kaum Leute unterwegs \u2013 ein klarer Vorteil, wenn man in der Nebensaison reist. Manchmal auch ein Nachteil, denn das einzige Caf\u00e9 in einer Bucht hat noch geschlossen.<\/p>\n<p><strong>Mittelalterliche D\u00f6rfer und ehemalige Fischerorte an der Costa Brava<\/strong><\/p>\n<p>Wenige Kilometer weiter im Inland genie\u00dfe ich dann meinen Kaffee in einer malerischen kleinen Stadt. Enge Gassen und alte, honiggelbe und senffarbene, teilweise noch mittelalterliche H\u00e4user pr\u00e4gen das Bild der Altstadt. Nur wenige Kilometer entfernt entdecke ich noch sehr gut erhaltene mittelalterliche D\u00f6rfer. Ich finde hier einige der sch\u00f6nsten altert\u00fcmlichen Ortskerne der Provinz, umgeben von dicken Stadtmauern, voller enger, verwinkelter Gassen und mit Stra\u00dfen aus holprigem Kopfsteinpflaster. W\u00e4re ein Ritter angeritten gekommen, h\u00e4tte das gut ins Gesamtbild gepasst.<\/p>\n<p>In einem netten Restaurant direkt am Meer eines beschaulichen ehemaligen Fischerortes treffen sich Einheimische wie auch Touristen. Hier sind die H\u00e4user wei\u00df gestrichen und dr\u00e4ngen sich dicht am Meer entlang. Ruhig schwappt das Wasser an den wei\u00dfen Sandstrand. Ein Sturm hat den Strandsand bis zu einem Meter hoch an die T\u00fcren der H\u00e4user geweht, die direkt am Meer liegen. Vor den T\u00fcren wird eifrig frei gefegt und einzelne kleine Fischerboote liegen zum \u00dcberwintern an Land. \u00dcberall wird gewerkelt, repariert und erneuert, um gut vorbereitet in die kommende Saison zu starten. Blaue und braune Fensterrahmen spiegeln die Farben des Meeres und der Felsen wider. Es ist eine angenehm ruhige und entspannte Atmosph\u00e4re.<\/p>\n<p>Ein gut ausgebauter K\u00fcstenwanderweg f\u00fchrt mich vom Strand zum n\u00e4chsten Ort. Ich spaziere entlang der Promenade bis es stetig bergauf geht und ich von einem kleinen Berg einen tollen Blick \u00fcber die K\u00fcste habe. Der Weg geht noch weiter, wird dann allerdings teilweise etwas steil, so dass ich abbreche.<\/p>\n<div style='display:none' class=\"jeg_preview_slider gallery_1\" data-selector='gallery_1'>\n                        <div class=\"jeg_preview_holder\">\n                            <div class=\"jeg_preview_media\">\n                        <div class=\"jeg_preview_media_holder\">\n                            <h3><\/h3>\n                            <div class=\"fullscreen-switch\">\n                                <i class=\"fa\"><\/i>\n                            <\/div>\n                            <div class=\"jeg_preview_media_content\">\n                                <div class=\"jeg_preview_media_content_holder_padding\">\n                                    <div class=\"jeg_preview_media_content_holder\"><\/div>\n                                <\/div>\n                                <div class=\"jeg_preview_media_content_navigation\">\n                                    <div class=\"prev\">\n\t\t\t\t\t\t\t\t\t\t<i class=\"fa\"><\/i>\n\t\t\t\t\t\t\t\t\t<\/div>\n                                    <div class=\"next\">\n\t\t\t\t\t\t\t\t\t\t<i class=\"fa\"><\/i>\n\t\t\t\t\t\t\t\t\t<\/div>\n                                <\/div>\n                                <div class='preview-slider-overlay'>\n                                    <div class='preloader_type preloader_dot'>\n                                        <div class=\"module-preloader jeg_preloader dot\">\n                                            <span><\/span><span><\/span><span><\/span>\n                                        <\/div>\n                                        <div class=\"module-preloader jeg_preloader circle\">\n                                            <div class=\"jnews_preloader_circle_outer\">\n                                                <div class=\"jnews_preloader_circle_inner\"><\/div>\n                                            <\/div>\n                                        <\/div>\n                                        <div class=\"module-preloader jeg_preloader square\">\n                                            <div class=\"jeg_square\">\n                                                <div class=\"jeg_square_inner\"><\/div>\n                                            <\/div>\n                                        <\/div>\n                                    <\/div>\n                                <\/div>\n                            <\/div>\n                            <div class=\"jeg_preview_control\">\n                                <div class=\"left_control\">\n                                    <div class=\"counter\"><span class=\"current\">1<\/span> von  14<\/div>\n                                    <div class=\"subtitle\"><\/div>\n                                <\/div>\n                                <div class=\"zoom\">\n                                    <span class=\"reduce\">-<\/span>\n                                    <span class=\"increase\">+<\/span>\n                                <\/div>\n                            <\/div>\n                        <\/div>\n                    <\/div>\n\n                    <div class=\"jeg_preview_bottom_slider\">\n                        <a data-id=\"0\" data-title=\"Die wilde K\u00fcste der Costa Brava. Foto: Antje Gaedt\" data-image=\"https:\/\/herzogtum-direkt.de\/wp-content\/uploads\/2020\/06\/1-die-wilde-K\u00fcste-der-Costa-Brava.jpg\" href=\"https:\/\/herzogtum-direkt.de\/wp-content\/uploads\/2020\/06\/1-die-wilde-K\u00fcste-der-Costa-Brava.jpg\" class=\"jeg_preview_item active\">\n                            <div class=\"jeg_preview_item_thumbnail\">\n                                <img decoding=\"async\" width=\"120\" height=\"86\" src=\"https:\/\/herzogtum-direkt.de\/wp-content\/uploads\/2020\/06\/1-die-wilde-K\u00fcste-der-Costa-Brava-120x86.jpg\" class=\"attachment-jnews-120x86 size-jnews-120x86\" alt=\"\" srcset=\"https:\/\/herzogtum-direkt.de\/wp-content\/uploads\/2020\/06\/1-die-wilde-K\u00fcste-der-Costa-Brava-120x86.jpg 120w, https:\/\/herzogtum-direkt.de\/wp-content\/uploads\/2020\/06\/1-die-wilde-K\u00fcste-der-Costa-Brava-324x235.jpg 324w\" sizes=\"(max-width: 120px) 100vw, 120px\" data-full-width=\"1000\" data-full-height=\"750\" \/>\n                            <\/div>\n                        <\/a><a data-id=\"1\" data-title=\"Wandern von Bucht zu Bucht. Foto: Antje Gaedt\" data-image=\"https:\/\/herzogtum-direkt.de\/wp-content\/uploads\/2020\/06\/3-hier-wandere-ich-von-Bucht-zu-Bucht.jpg\" href=\"https:\/\/herzogtum-direkt.de\/wp-content\/uploads\/2020\/06\/3-hier-wandere-ich-von-Bucht-zu-Bucht.jpg\" class=\"jeg_preview_item \">\n                            <div class=\"jeg_preview_item_thumbnail\">\n                                <img decoding=\"async\" width=\"120\" height=\"86\" src=\"https:\/\/herzogtum-direkt.de\/wp-content\/uploads\/2020\/06\/3-hier-wandere-ich-von-Bucht-zu-Bucht-120x86.jpg\" class=\"attachment-jnews-120x86 size-jnews-120x86\" alt=\"\" srcset=\"https:\/\/herzogtum-direkt.de\/wp-content\/uploads\/2020\/06\/3-hier-wandere-ich-von-Bucht-zu-Bucht-120x86.jpg 120w, https:\/\/herzogtum-direkt.de\/wp-content\/uploads\/2020\/06\/3-hier-wandere-ich-von-Bucht-zu-Bucht-324x235.jpg 324w\" sizes=\"(max-width: 120px) 100vw, 120px\" data-full-width=\"1000\" data-full-height=\"750\" \/>\n                            <\/div>\n                        <\/a><a data-id=\"2\" data-title=\"Honiggelbe H\u00e4user pr\u00e4gen die Altstadt. Foto: Antje Gaedt\" data-image=\"https:\/\/herzogtum-direkt.de\/wp-content\/uploads\/2020\/06\/4-honiggelbe-H\u00e4user-pr\u00e4gen-die-Altstadt.jpg\" href=\"https:\/\/herzogtum-direkt.de\/wp-content\/uploads\/2020\/06\/4-honiggelbe-H\u00e4user-pr\u00e4gen-die-Altstadt.jpg\" class=\"jeg_preview_item \">\n                            <div class=\"jeg_preview_item_thumbnail\">\n                                <img decoding=\"async\" width=\"120\" height=\"86\" src=\"https:\/\/herzogtum-direkt.de\/wp-content\/uploads\/2020\/06\/4-honiggelbe-H\u00e4user-pr\u00e4gen-die-Altstadt-120x86.jpg\" class=\"attachment-jnews-120x86 size-jnews-120x86\" alt=\"\" srcset=\"https:\/\/herzogtum-direkt.de\/wp-content\/uploads\/2020\/06\/4-honiggelbe-H\u00e4user-pr\u00e4gen-die-Altstadt-120x86.jpg 120w, https:\/\/herzogtum-direkt.de\/wp-content\/uploads\/2020\/06\/4-honiggelbe-H\u00e4user-pr\u00e4gen-die-Altstadt-324x235.jpg 324w\" sizes=\"(max-width: 120px) 100vw, 120px\" data-full-width=\"1000\" data-full-height=\"750\" \/>\n                            <\/div>\n                        <\/a><a data-id=\"3\" data-title=\"Die Costa Brava hat einige der sch\u00f6nsten alten D\u00f6rfer. Foto: Antje Gaedt\" data-image=\"https:\/\/herzogtum-direkt.de\/wp-content\/uploads\/2020\/06\/5-die-Costa-Brava-hat-einige-der-sch\u00f6nsten-alten-D\u00f6rfer.jpg\" href=\"https:\/\/herzogtum-direkt.de\/wp-content\/uploads\/2020\/06\/5-die-Costa-Brava-hat-einige-der-sch\u00f6nsten-alten-D\u00f6rfer.jpg\" class=\"jeg_preview_item \">\n                            <div class=\"jeg_preview_item_thumbnail\">\n                                <img loading=\"lazy\" decoding=\"async\" width=\"120\" height=\"86\" src=\"https:\/\/herzogtum-direkt.de\/wp-content\/uploads\/2020\/06\/5-die-Costa-Brava-hat-einige-der-sch\u00f6nsten-alten-D\u00f6rfer-120x86.jpg\" class=\"attachment-jnews-120x86 size-jnews-120x86\" alt=\"\" srcset=\"https:\/\/herzogtum-direkt.de\/wp-content\/uploads\/2020\/06\/5-die-Costa-Brava-hat-einige-der-sch\u00f6nsten-alten-D\u00f6rfer-120x86.jpg 120w, https:\/\/herzogtum-direkt.de\/wp-content\/uploads\/2020\/06\/5-die-Costa-Brava-hat-einige-der-sch\u00f6nsten-alten-D\u00f6rfer-324x235.jpg 324w\" sizes=\"(max-width: 120px) 100vw, 120px\" data-full-width=\"1000\" data-full-height=\"750\" \/>\n                            <\/div>\n                        <\/a><a data-id=\"4\" data-title=\"Mittelalterliche Ortskerne laden zum Spazieren ein. Foto: Antje Gaedt\" data-image=\"https:\/\/herzogtum-direkt.de\/wp-content\/uploads\/2020\/06\/6-mittelalterliche-Ortskerne-laden-zum-Spazieren-ein.jpg\" href=\"https:\/\/herzogtum-direkt.de\/wp-content\/uploads\/2020\/06\/6-mittelalterliche-Ortskerne-laden-zum-Spazieren-ein.jpg\" class=\"jeg_preview_item \">\n                            <div class=\"jeg_preview_item_thumbnail\">\n                                <img loading=\"lazy\" decoding=\"async\" width=\"120\" height=\"86\" src=\"https:\/\/herzogtum-direkt.de\/wp-content\/uploads\/2020\/06\/6-mittelalterliche-Ortskerne-laden-zum-Spazieren-ein-120x86.jpg\" class=\"attachment-jnews-120x86 size-jnews-120x86\" alt=\"\" srcset=\"https:\/\/herzogtum-direkt.de\/wp-content\/uploads\/2020\/06\/6-mittelalterliche-Ortskerne-laden-zum-Spazieren-ein-120x86.jpg 120w, https:\/\/herzogtum-direkt.de\/wp-content\/uploads\/2020\/06\/6-mittelalterliche-Ortskerne-laden-zum-Spazieren-ein-324x235.jpg 324w\" sizes=\"(max-width: 120px) 100vw, 120px\" data-full-width=\"1000\" data-full-height=\"750\" \/>\n                            <\/div>\n                        <\/a><a data-id=\"5\" data-title=\"Beschauliche kleine Orte ziehen sich entlang der K\u00fcste. Foto: Antje Gaedt\" data-image=\"https:\/\/herzogtum-direkt.de\/wp-content\/uploads\/2020\/06\/7-beschauliche-kleine-Orte-ziehen-sich-entlang-der-K\u00fcste.jpg\" href=\"https:\/\/herzogtum-direkt.de\/wp-content\/uploads\/2020\/06\/7-beschauliche-kleine-Orte-ziehen-sich-entlang-der-K\u00fcste.jpg\" class=\"jeg_preview_item \">\n                            <div class=\"jeg_preview_item_thumbnail\">\n                                <img loading=\"lazy\" decoding=\"async\" width=\"120\" height=\"86\" src=\"https:\/\/herzogtum-direkt.de\/wp-content\/uploads\/2020\/06\/7-beschauliche-kleine-Orte-ziehen-sich-entlang-der-K\u00fcste-120x86.jpg\" class=\"attachment-jnews-120x86 size-jnews-120x86\" alt=\"\" srcset=\"https:\/\/herzogtum-direkt.de\/wp-content\/uploads\/2020\/06\/7-beschauliche-kleine-Orte-ziehen-sich-entlang-der-K\u00fcste-120x86.jpg 120w, https:\/\/herzogtum-direkt.de\/wp-content\/uploads\/2020\/06\/7-beschauliche-kleine-Orte-ziehen-sich-entlang-der-K\u00fcste-324x235.jpg 324w\" sizes=\"(max-width: 120px) 100vw, 120px\" data-full-width=\"1000\" data-full-height=\"750\" \/>\n                            <\/div>\n                        <\/a><a data-id=\"6\" data-title=\"Die Boote \u00fcberwintern an Land. Foto: Antje Gaedt\" data-image=\"https:\/\/herzogtum-direkt.de\/wp-content\/uploads\/2020\/06\/8-die-Boote-\u00fcberwintern-an-Land.jpg\" href=\"https:\/\/herzogtum-direkt.de\/wp-content\/uploads\/2020\/06\/8-die-Boote-\u00fcberwintern-an-Land.jpg\" class=\"jeg_preview_item \">\n                            <div class=\"jeg_preview_item_thumbnail\">\n                                <img loading=\"lazy\" decoding=\"async\" width=\"120\" height=\"86\" src=\"https:\/\/herzogtum-direkt.de\/wp-content\/uploads\/2020\/06\/8-die-Boote-\u00fcberwintern-an-Land-120x86.jpg\" class=\"attachment-jnews-120x86 size-jnews-120x86\" alt=\"\" srcset=\"https:\/\/herzogtum-direkt.de\/wp-content\/uploads\/2020\/06\/8-die-Boote-\u00fcberwintern-an-Land-120x86.jpg 120w, https:\/\/herzogtum-direkt.de\/wp-content\/uploads\/2020\/06\/8-die-Boote-\u00fcberwintern-an-Land-324x235.jpg 324w\" sizes=\"(max-width: 120px) 100vw, 120px\" data-full-width=\"1000\" data-full-height=\"750\" \/>\n                            <\/div>\n                        <\/a><a data-id=\"7\" data-title=\"Im Winter geht es beschaulich zu an der Costa Brava. Foto: Antje Gaedt\" data-image=\"https:\/\/herzogtum-direkt.de\/wp-content\/uploads\/2020\/06\/9-Im-Winter-geht-es-beschaulich-zu-an-der-Costa-Brava.jpg\" href=\"https:\/\/herzogtum-direkt.de\/wp-content\/uploads\/2020\/06\/9-Im-Winter-geht-es-beschaulich-zu-an-der-Costa-Brava.jpg\" class=\"jeg_preview_item \">\n                            <div class=\"jeg_preview_item_thumbnail\">\n                                <img loading=\"lazy\" decoding=\"async\" width=\"120\" height=\"86\" src=\"https:\/\/herzogtum-direkt.de\/wp-content\/uploads\/2020\/06\/9-Im-Winter-geht-es-beschaulich-zu-an-der-Costa-Brava-120x86.jpg\" class=\"attachment-jnews-120x86 size-jnews-120x86\" alt=\"\" srcset=\"https:\/\/herzogtum-direkt.de\/wp-content\/uploads\/2020\/06\/9-Im-Winter-geht-es-beschaulich-zu-an-der-Costa-Brava-120x86.jpg 120w, https:\/\/herzogtum-direkt.de\/wp-content\/uploads\/2020\/06\/9-Im-Winter-geht-es-beschaulich-zu-an-der-Costa-Brava-324x235.jpg 324w\" sizes=\"(max-width: 120px) 100vw, 120px\" data-full-width=\"1000\" data-full-height=\"750\" \/>\n                            <\/div>\n                        <\/a><a data-id=\"8\" data-title=\"Im Winter haben nur wenige Restaurants an der Costa Brava ge\u00f6ffnet. Foto: Antje Gaedt\" data-image=\"https:\/\/herzogtum-direkt.de\/wp-content\/uploads\/2020\/06\/10-Im-Winter-haben-nur-wenige-Restaurants-an-der-Costa-Brava-ge\u00f6ffnet.jpg\" href=\"https:\/\/herzogtum-direkt.de\/wp-content\/uploads\/2020\/06\/10-Im-Winter-haben-nur-wenige-Restaurants-an-der-Costa-Brava-ge\u00f6ffnet.jpg\" class=\"jeg_preview_item \">\n                            <div class=\"jeg_preview_item_thumbnail\">\n                                <img loading=\"lazy\" decoding=\"async\" width=\"120\" height=\"86\" src=\"https:\/\/herzogtum-direkt.de\/wp-content\/uploads\/2020\/06\/10-Im-Winter-haben-nur-wenige-Restaurants-an-der-Costa-Brava-ge\u00f6ffnet-120x86.jpg\" class=\"attachment-jnews-120x86 size-jnews-120x86\" alt=\"\" srcset=\"https:\/\/herzogtum-direkt.de\/wp-content\/uploads\/2020\/06\/10-Im-Winter-haben-nur-wenige-Restaurants-an-der-Costa-Brava-ge\u00f6ffnet-120x86.jpg 120w, https:\/\/herzogtum-direkt.de\/wp-content\/uploads\/2020\/06\/10-Im-Winter-haben-nur-wenige-Restaurants-an-der-Costa-Brava-ge\u00f6ffnet-324x235.jpg 324w\" sizes=\"(max-width: 120px) 100vw, 120px\" data-full-width=\"1000\" data-full-height=\"750\" \/>\n                            <\/div>\n                        <\/a><a data-id=\"9\" data-title=\"St\u00f6rche finden hier ideale Bedingungen. Foto: Antje Gaedt\" data-image=\"https:\/\/herzogtum-direkt.de\/wp-content\/uploads\/2020\/06\/11-St\u00f6rche-finden-hier-ideale-Bedingungen.jpg\" href=\"https:\/\/herzogtum-direkt.de\/wp-content\/uploads\/2020\/06\/11-St\u00f6rche-finden-hier-ideale-Bedingungen.jpg\" class=\"jeg_preview_item \">\n                            <div class=\"jeg_preview_item_thumbnail\">\n                                <img loading=\"lazy\" decoding=\"async\" width=\"120\" height=\"86\" src=\"https:\/\/herzogtum-direkt.de\/wp-content\/uploads\/2020\/06\/11-St\u00f6rche-finden-hier-ideale-Bedingungen-120x86.jpg\" class=\"attachment-jnews-120x86 size-jnews-120x86\" alt=\"\" srcset=\"https:\/\/herzogtum-direkt.de\/wp-content\/uploads\/2020\/06\/11-St\u00f6rche-finden-hier-ideale-Bedingungen-120x86.jpg 120w, https:\/\/herzogtum-direkt.de\/wp-content\/uploads\/2020\/06\/11-St\u00f6rche-finden-hier-ideale-Bedingungen-324x235.jpg 324w\" sizes=\"(max-width: 120px) 100vw, 120px\" data-full-width=\"1000\" data-full-height=\"750\" \/>\n                            <\/div>\n                        <\/a><a data-id=\"10\" data-title=\"Ein kleiner K\u00fcnstlerort mit engen Gassen. Foto: Antje Gaedt\" data-image=\"https:\/\/herzogtum-direkt.de\/wp-content\/uploads\/2020\/06\/12-ein-kleiner-K\u00fcnstlerort-mit-engen-Gassen.jpg\" href=\"https:\/\/herzogtum-direkt.de\/wp-content\/uploads\/2020\/06\/12-ein-kleiner-K\u00fcnstlerort-mit-engen-Gassen.jpg\" class=\"jeg_preview_item \">\n                            <div class=\"jeg_preview_item_thumbnail\">\n                                <img loading=\"lazy\" decoding=\"async\" width=\"120\" height=\"86\" src=\"https:\/\/herzogtum-direkt.de\/wp-content\/uploads\/2020\/06\/12-ein-kleiner-K\u00fcnstlerort-mit-engen-Gassen-120x86.jpg\" class=\"attachment-jnews-120x86 size-jnews-120x86\" alt=\"\" srcset=\"https:\/\/herzogtum-direkt.de\/wp-content\/uploads\/2020\/06\/12-ein-kleiner-K\u00fcnstlerort-mit-engen-Gassen-120x86.jpg 120w, https:\/\/herzogtum-direkt.de\/wp-content\/uploads\/2020\/06\/12-ein-kleiner-K\u00fcnstlerort-mit-engen-Gassen-324x235.jpg 324w\" sizes=\"(max-width: 120px) 100vw, 120px\" data-full-width=\"1000\" data-full-height=\"750\" \/>\n                            <\/div>\n                        <\/a><a data-id=\"11\" data-title=\"Ein Wanderweg bietet tolle Ausblicke. Foto: Antje Gaedt\" data-image=\"https:\/\/herzogtum-direkt.de\/wp-content\/uploads\/2020\/06\/14-ein-Wanderweg-bietet-tolle-Ausblicke.jpg\" href=\"https:\/\/herzogtum-direkt.de\/wp-content\/uploads\/2020\/06\/14-ein-Wanderweg-bietet-tolle-Ausblicke.jpg\" class=\"jeg_preview_item \">\n                            <div class=\"jeg_preview_item_thumbnail\">\n                                <img loading=\"lazy\" decoding=\"async\" width=\"120\" height=\"86\" src=\"https:\/\/herzogtum-direkt.de\/wp-content\/uploads\/2020\/06\/14-ein-Wanderweg-bietet-tolle-Ausblicke-120x86.jpg\" class=\"attachment-jnews-120x86 size-jnews-120x86\" alt=\"\" srcset=\"https:\/\/herzogtum-direkt.de\/wp-content\/uploads\/2020\/06\/14-ein-Wanderweg-bietet-tolle-Ausblicke-120x86.jpg 120w, https:\/\/herzogtum-direkt.de\/wp-content\/uploads\/2020\/06\/14-ein-Wanderweg-bietet-tolle-Ausblicke-324x235.jpg 324w\" sizes=\"(max-width: 120px) 100vw, 120px\" data-full-width=\"1000\" data-full-height=\"750\" \/>\n                            <\/div>\n                        <\/a><a data-id=\"12\" data-title=\"Enge Gassen im K\u00fcnstlerort. Foto: Antje Gaedt\" data-image=\"https:\/\/herzogtum-direkt.de\/wp-content\/uploads\/2020\/06\/13-enge-Gassen-im-K\u00fcnstlerort.jpg\" href=\"https:\/\/herzogtum-direkt.de\/wp-content\/uploads\/2020\/06\/13-enge-Gassen-im-K\u00fcnstlerort.jpg\" class=\"jeg_preview_item \">\n                            <div class=\"jeg_preview_item_thumbnail\">\n                                <img loading=\"lazy\" decoding=\"async\" width=\"120\" height=\"86\" src=\"https:\/\/herzogtum-direkt.de\/wp-content\/uploads\/2020\/06\/13-enge-Gassen-im-K\u00fcnstlerort-120x86.jpg\" class=\"attachment-jnews-120x86 size-jnews-120x86\" alt=\"\" srcset=\"https:\/\/herzogtum-direkt.de\/wp-content\/uploads\/2020\/06\/13-enge-Gassen-im-K\u00fcnstlerort-120x86.jpg 120w, https:\/\/herzogtum-direkt.de\/wp-content\/uploads\/2020\/06\/13-enge-Gassen-im-K\u00fcnstlerort-324x235.jpg 324w\" sizes=\"(max-width: 120px) 100vw, 120px\" data-full-width=\"1000\" data-full-height=\"750\" \/>\n                            <\/div>\n                        <\/a><a data-id=\"13\" data-title=\"Ein einsamer Leuchtturm in einer wilden Felslandschaft. Foto: Antje Gaedt\" data-image=\"https:\/\/herzogtum-direkt.de\/wp-content\/uploads\/2020\/06\/15-ein-einsamer-Leuchtturm-in-einer-wilden-Felslandschaft.jpg\" href=\"https:\/\/herzogtum-direkt.de\/wp-content\/uploads\/2020\/06\/15-ein-einsamer-Leuchtturm-in-einer-wilden-Felslandschaft.jpg\" class=\"jeg_preview_item \">\n                            <div class=\"jeg_preview_item_thumbnail\">\n                                <img loading=\"lazy\" decoding=\"async\" width=\"120\" height=\"86\" src=\"https:\/\/herzogtum-direkt.de\/wp-content\/uploads\/2020\/06\/15-ein-einsamer-Leuchtturm-in-einer-wilden-Felslandschaft-120x86.jpg\" class=\"attachment-jnews-120x86 size-jnews-120x86\" alt=\"\" srcset=\"https:\/\/herzogtum-direkt.de\/wp-content\/uploads\/2020\/06\/15-ein-einsamer-Leuchtturm-in-einer-wilden-Felslandschaft-120x86.jpg 120w, https:\/\/herzogtum-direkt.de\/wp-content\/uploads\/2020\/06\/15-ein-einsamer-Leuchtturm-in-einer-wilden-Felslandschaft-324x235.jpg 324w\" sizes=\"(max-width: 120px) 100vw, 120px\" data-full-width=\"1000\" data-full-height=\"750\" \/>\n                            <\/div>\n                        <\/a>\n                    <\/div>\n                        <\/div>\n                        <div class=\"jeg_preview_description\">\n                            \n                            <div class=\"jeg_preview_description_wrapper\">\n                            \n                            <\/div>\n                        <\/div>\n                        <script>\n                            var gallery_1 = {\n                                rtl: false,\n                                native_zoom: false,\n                                zoom_max: 5,\n                                zoom_step: 40,\n                                image_sequence: [{\"src\":\"https:\\\/\\\/herzogtum-direkt.de\\\/wp-content\\\/uploads\\\/2020\\\/06\\\/1-die-wilde-K\\u00fcste-der-Costa-Brava.jpg\",\"w\":1000,\"h\":750,\"title\":\"Die wilde K\\u00fcste der Costa Brava. Foto: Antje Gaedt\"},{\"src\":\"https:\\\/\\\/herzogtum-direkt.de\\\/wp-content\\\/uploads\\\/2020\\\/06\\\/3-hier-wandere-ich-von-Bucht-zu-Bucht.jpg\",\"w\":1000,\"h\":750,\"title\":\"Wandern von Bucht zu Bucht. Foto: Antje Gaedt\"},{\"src\":\"https:\\\/\\\/herzogtum-direkt.de\\\/wp-content\\\/uploads\\\/2020\\\/06\\\/4-honiggelbe-H\\u00e4user-pr\\u00e4gen-die-Altstadt.jpg\",\"w\":1000,\"h\":750,\"title\":\"Honiggelbe H\\u00e4user pr\\u00e4gen die Altstadt. Foto: Antje Gaedt\"},{\"src\":\"https:\\\/\\\/herzogtum-direkt.de\\\/wp-content\\\/uploads\\\/2020\\\/06\\\/5-die-Costa-Brava-hat-einige-der-sch\\u00f6nsten-alten-D\\u00f6rfer.jpg\",\"w\":1000,\"h\":750,\"title\":\"Die Costa Brava hat einige der sch\\u00f6nsten alten D\\u00f6rfer. Foto: Antje Gaedt\"},{\"src\":\"https:\\\/\\\/herzogtum-direkt.de\\\/wp-content\\\/uploads\\\/2020\\\/06\\\/6-mittelalterliche-Ortskerne-laden-zum-Spazieren-ein.jpg\",\"w\":1000,\"h\":750,\"title\":\"Mittelalterliche Ortskerne laden zum Spazieren ein. Foto: Antje Gaedt\"},{\"src\":\"https:\\\/\\\/herzogtum-direkt.de\\\/wp-content\\\/uploads\\\/2020\\\/06\\\/7-beschauliche-kleine-Orte-ziehen-sich-entlang-der-K\\u00fcste.jpg\",\"w\":1000,\"h\":750,\"title\":\"Beschauliche kleine Orte ziehen sich entlang der K\\u00fcste. Foto: Antje Gaedt\"},{\"src\":\"https:\\\/\\\/herzogtum-direkt.de\\\/wp-content\\\/uploads\\\/2020\\\/06\\\/8-die-Boote-\\u00fcberwintern-an-Land.jpg\",\"w\":1000,\"h\":750,\"title\":\"Die Boote \\u00fcberwintern an Land. Foto: Antje Gaedt\"},{\"src\":\"https:\\\/\\\/herzogtum-direkt.de\\\/wp-content\\\/uploads\\\/2020\\\/06\\\/9-Im-Winter-geht-es-beschaulich-zu-an-der-Costa-Brava.jpg\",\"w\":1000,\"h\":750,\"title\":\"Im Winter geht es beschaulich zu an der Costa Brava. Foto: Antje Gaedt\"},{\"src\":\"https:\\\/\\\/herzogtum-direkt.de\\\/wp-content\\\/uploads\\\/2020\\\/06\\\/10-Im-Winter-haben-nur-wenige-Restaurants-an-der-Costa-Brava-ge\\u00f6ffnet.jpg\",\"w\":1000,\"h\":750,\"title\":\"Im Winter haben nur wenige Restaurants an der Costa Brava ge\\u00f6ffnet. Foto: Antje Gaedt\"},{\"src\":\"https:\\\/\\\/herzogtum-direkt.de\\\/wp-content\\\/uploads\\\/2020\\\/06\\\/11-St\\u00f6rche-finden-hier-ideale-Bedingungen.jpg\",\"w\":1000,\"h\":750,\"title\":\"St\\u00f6rche finden hier ideale Bedingungen. Foto: Antje Gaedt\"},{\"src\":\"https:\\\/\\\/herzogtum-direkt.de\\\/wp-content\\\/uploads\\\/2020\\\/06\\\/12-ein-kleiner-K\\u00fcnstlerort-mit-engen-Gassen.jpg\",\"w\":1000,\"h\":750,\"title\":\"Ein kleiner K\\u00fcnstlerort mit engen Gassen. Foto: Antje Gaedt\"},{\"src\":\"https:\\\/\\\/herzogtum-direkt.de\\\/wp-content\\\/uploads\\\/2020\\\/06\\\/14-ein-Wanderweg-bietet-tolle-Ausblicke.jpg\",\"w\":1000,\"h\":750,\"title\":\"Ein Wanderweg bietet tolle Ausblicke. Foto: Antje Gaedt\"},{\"src\":\"https:\\\/\\\/herzogtum-direkt.de\\\/wp-content\\\/uploads\\\/2020\\\/06\\\/13-enge-Gassen-im-K\\u00fcnstlerort.jpg\",\"w\":1000,\"h\":750,\"title\":\"Enge Gassen im K\\u00fcnstlerort. Foto: Antje Gaedt\"},{\"src\":\"https:\\\/\\\/herzogtum-direkt.de\\\/wp-content\\\/uploads\\\/2020\\\/06\\\/15-ein-einsamer-Leuchtturm-in-einer-wilden-Felslandschaft.jpg\",\"w\":1000,\"h\":750,\"title\":\"Ein einsamer Leuchtturm in einer wilden Felslandschaft. Foto: Antje Gaedt\"}]\n                            };\n                        <\/script>\n                    <\/div>\n<p><strong>Vom Vogelschutzgebiet zum K\u00fcnstlermekka<\/strong><\/p>\n<p>Auf dem Weg gen Norden stoppe ich in einem Vogelschutzgebiet. Im Fr\u00fchjahr und Herbst sammeln sich hier St\u00f6rche, Flamingos und zahlreiche andere Arten. Gut markierte Wege f\u00fchren bis an einen weitl\u00e4ufigen Strand. Schutzh\u00fctten bieten immer wieder Gelegenheit die V\u00f6gel in aller Ruhe zu beobachten. Es ist ein interessanter Stopp und Ornithologen w\u00fcrden wahrscheinlich den ganzen Tag hier verbringen.<\/p>\n<p>Ich fahre nach einer dreist\u00fcndigen Wanderung zu meinem n\u00e4chsten Ziel, einem h\u00fcbschen kleinen K\u00fcnstlerort, der schon Salvador Dal\u00ed, Pablo Picasso und andere ber\u00fchmte K\u00fcnstler angezogen hat. Wei\u00df get\u00fcnchte H\u00e4user in engen Gassen schmiegen sich dicht gedr\u00e4ngt an eine Bucht, umgeben von Bergen im Hinterland. Gerne verlaufe ich mich in den verwinkelten Stra\u00dfen, genie\u00dfe die ersten Blumen vor den H\u00e4usern und einen tollen Blick vom Kirchplatz \u00fcber das Dorf. Auch hier lohnt eine Erkundung der K\u00fcste. Ein Weg f\u00fchrt entlang felsiger Abschnitte, vereinzelte H\u00e4user bieten grandiose Blicke auf das Meer. Salvador Dal\u00ed hat in dieser Gegend gelebt und gearbeitet. Die Landschaft der Umgebung spiegelt sich in seinen Werken wider und sein Haus ist ein einzigartiges skurriles Kunstwerk.<\/p>\n<p>Zum Sonnenuntergang fahre ich in eine Felslandschaft, durch die Dal\u00ed sich bereits hat inspirieren lassen. Wild und einsam ist es hier und die untergehende Sonne gibt dem Ganzen noch einen mystischen Hauch. Gleich neben dem Leuchtturm befindet sich oben auf einem Felsen eine Bar mit Restaurant. Fantastische Ausblicke auf die schroffe K\u00fcstenlandschaft sind hier garantiert und die Preise sind moderat.<\/p>\n<p><strong>Vor- und Nachteile einer Reise im Winter an die Costa Brava<\/strong><\/p>\n<p>Ich habe diese Reise im Februar durchgef\u00fchrt. Ich pers\u00f6nlich finde diese Jahreszeit toll f\u00fcr eine Erkundung der Costa Brava. Es sind wenig Leute unterwegs und ich konnte die D\u00f6rfer und Natur in vollen Z\u00fcgen genie\u00dfen. Ein klarer Nachteil ist allerdings, dass viele Hotels und Restaurants zu dieser Jahreszeit geschlossen haben und man nicht w\u00e4hlerisch sein darf. Daf\u00fcr wurde ich \u00fcberall auf den Stra\u00dfen freundlich gegr\u00fc\u00dft, habe immer sofort einen freien Parkplatz gefunden und in den offenen Restaurants genoss ich einen hervorragenden Service.<\/p>\n<p><em><strong>Bereits in dieser Serie erschienen:<\/strong><\/em><\/p>\n<p><a href=\"https:\/\/herzogtum-direkt.de\/index.php\/2019\/10\/13\/vom-herzogtum-in-die-welt-auf-nach-bali\/\">Teil 1: Vom Herzogtum in die Welt: Auf nach Bali<\/a><br \/>\n<a href=\"https:\/\/herzogtum-direkt.de\/index.php\/2019\/11\/24\/vom-herzogtum-in-die-welt-rom-ist-immer-eine-weise-wert\/\">Teil 2: Vom Herzogtum in die Welt: Rom ist immer eine Reise wert!<\/a><br \/>\n<a href=\"https:\/\/herzogtum-direkt.de\/?p=20116&amp;preview=true\">Teil 3: Vom Herzogtum in die Welt: Eine geheimnisvolle Tempelanlage und die kambodschanische Seite einer Touristenstadt<\/a><br \/>\n<a href=\"https:\/\/herzogtum-direkt.de\/index.php\/2020\/01\/26\/vom-herzogtum-in-die-welt-costa-rica-land-des-dschungels\/\">Teil 4: Vom Herzogtum in die Welt: Costa Rica \u2013 Land des Dschungels<\/a><\/p>\n","protected":false},"excerpt":{"rendered":"<p>Von Antje Gaedt Mein erster Blick aus dem Fenster ist atemberaubend: Meer, Felsen und eine insgesamt wundersch\u00f6ne K\u00fcste. Ich befinde mich an der Costa Brava, der wilden K\u00fcste Spaniens. Wenn man einige Ecken mit gro\u00dfen und vielen Hotels links liegen l\u00e4sst, hat diese Region viel wundersch\u00f6ne Landschaft, beschauliche D\u00f6rfer und tolle K\u00fcstenwanderwege zu bieten. Gut [&hellip;]<\/p>\n","protected":false},"author":37,"featured_media":23600,"comment_status":"open","ping_status":"closed","sticky":false,"template":"","format":"standard","meta":{"jnews-multi-image_gallery":[],"jnews_single_post":[],"jnews_primary_category":[],"jnews_social_meta":[],"jnews_override_counter":[],"jnews_post_split":[],"footnotes":""},"categories":[2,93],"tags":[2767,2517,2518,2516,703],"class_list":["post-23586","post","type-post","status-publish","format-standard","has-post-thumbnail","hentry","category-startseite","category-weltweit","tag-costa-brava","tag-erlebnisreisen","tag-reiseblog","tag-reisen","tag-tourismus"],"_links":{"self":[{"href":"https:\/\/herzogtum-direkt.de\/index.php\/wp-json\/wp\/v2\/posts\/23586","targetHints":{"allow":["GET"]}}],"collection":[{"href":"https:\/\/herzogtum-direkt.de\/index.php\/wp-json\/wp\/v2\/posts"}],"about":[{"href":"https:\/\/herzogtum-direkt.de\/index.php\/wp-json\/wp\/v2\/types\/post"}],"author":[{"embeddable":true,"href":"https:\/\/herzogtum-direkt.de\/index.php\/wp-json\/wp\/v2\/users\/37"}],"replies":[{"embeddable":true,"href":"https:\/\/herzogtum-direkt.de\/index.php\/wp-json\/wp\/v2\/comments?post=23586"}],"version-history":[{"count":1,"href":"https:\/\/herzogtum-direkt.de\/index.php\/wp-json\/wp\/v2\/posts\/23586\/revisions"}],"predecessor-version":[{"id":23602,"href":"https:\/\/herzogtum-direkt.de\/index.php\/wp-json\/wp\/v2\/posts\/23586\/revisions\/23602"}],"wp:featuredmedia":[{"embeddable":true,"href":"https:\/\/herzogtum-direkt.de\/index.php\/wp-json\/wp\/v2\/media\/23600"}],"wp:attachment":[{"href":"https:\/\/herzogtum-direkt.de\/index.php\/wp-json\/wp\/v2\/media?parent=23586"}],"wp:term":[{"taxonomy":"category","embeddable":true,"href":"https:\/\/herzogtum-direkt.de\/index.php\/wp-json\/wp\/v2\/categories?post=23586"},{"taxonomy":"post_tag","embeddable":true,"href":"https:\/\/herzogtum-direkt.de\/index.php\/wp-json\/wp\/v2\/tags?post=23586"}],"curies":[{"name":"wp","href":"https:\/\/api.w.org\/{rel}","templated":true}]}}