{"id":23223,"date":"2020-05-25T16:44:36","date_gmt":"2020-05-25T15:44:36","guid":{"rendered":"https:\/\/herzogtum-direkt.de\/?p=23223"},"modified":"2020-05-25T16:44:36","modified_gmt":"2020-05-25T15:44:36","slug":"vollsperrung-der-l287-zwischen-lehmrade-und-gudow","status":"publish","type":"post","link":"https:\/\/herzogtum-direkt.de\/index.php\/2020\/05\/25\/vollsperrung-der-l287-zwischen-lehmrade-und-gudow\/","title":{"rendered":"Vollsperrung der L287 zwischen Lehmrade und Gudow"},"content":{"rendered":"<p><strong>Lehmrade\/Gudow (pm).<\/strong> Die Landesstra\u00dfe 287 wird zwischen Lehmrade und Gudow ab dem 2. Juni 2020 bis voraussichtlich 15. August 2020 voll gesperrt. Dadurch muss die Buslinie 8754 umgeleitet werden. Das melden die Ratzeburg-M\u00f6llner Verkehrbetriebe auf ihrer Webseite.<\/p>\n<p>Zwischen M\u00f6lln und Lehmrade verkehrt die Linie auf dem bekannten Linienweg. Ab dort wird die \u00fcber Neu Horst nach Sterley umgeleitet und f\u00e4hrt von dort weiter \u00fcber Hollenbek &#8211; Kehrsen &#8211; Sophiental nach Gudow.<\/p>\n<p>Somit bedient die Linie 8754 zwischen Neu Sterley und Gudow in beiden Richtungen die Haltestellen auf der jeweils anderen Stra\u00dfenseite. Das bedeutet: Wer von Gudow, Sophiental, Kehrsen, Hollenbek oder Neu Sterley Richtung Lehmrade -&gt; M\u00f6lln fahren m\u00f6chte, muss sich an die Haltestelle stellen, an der die Linie normalerweise nach Sterley abf\u00e4hrt. Entsprechend ist es umgekehrt: Wer nach Gudow fahren m\u00f6chte, nutzt die Haltestellen, an denen normalerweise die Linie 8754 nach M\u00f6lln abf\u00e4hrt.<\/p>\n<p>Die Fahrten enden in Gudow an der Haltestelle &#8222;Gudow, Zarrentiner Stra\u00dfe&#8220;.<br \/>\nDie Haltestellen &#8222;Gudow, Kirche&#8220;, &#8222;Gudow, Lehmrader Stra\u00dfe&#8220; und &#8222;Gudow, Bannauer Moor&#8220; k\u00f6nnen nicht bedient werden und entfallen. Die Haltestelle &#8222;Lehmrade, Oldenburger Stra\u00dfe&#8220; wird in die Oldenburger Stra\u00dfe verlegt. (Quelle: http:\/\/rmvb-gmbh.de)<\/p>\n<p>&nbsp;<\/p>\n","protected":false},"excerpt":{"rendered":"<p>Lehmrade\/Gudow (pm). Die Landesstra\u00dfe 287 wird zwischen Lehmrade und Gudow ab dem 2. Juni 2020 bis voraussichtlich 15. August 2020 voll gesperrt. Dadurch muss die Buslinie 8754 umgeleitet werden. Das melden die Ratzeburg-M\u00f6llner Verkehrbetriebe auf ihrer Webseite. Zwischen M\u00f6lln und Lehmrade verkehrt die Linie auf dem bekannten Linienweg. Ab dort wird die \u00fcber Neu Horst [&hellip;]<\/p>\n","protected":false},"author":2,"featured_media":1186,"comment_status":"open","ping_status":"closed","sticky":false,"template":"","format":"standard","meta":{"jnews-multi-image_gallery":[],"jnews_single_post":[],"jnews_primary_category":[],"jnews_social_meta":[],"jnews_override_counter":[],"jnews_post_split":[],"footnotes":""},"categories":[63],"tags":[242,2034],"class_list":["post-23223","post","type-post","status-publish","format-standard","has-post-thumbnail","hentry","category-herzogtum-lauenburg","tag-gudow","tag-lehmrade"],"_links":{"self":[{"href":"https:\/\/herzogtum-direkt.de\/index.php\/wp-json\/wp\/v2\/posts\/23223","targetHints":{"allow":["GET"]}}],"collection":[{"href":"https:\/\/herzogtum-direkt.de\/index.php\/wp-json\/wp\/v2\/posts"}],"about":[{"href":"https:\/\/herzogtum-direkt.de\/index.php\/wp-json\/wp\/v2\/types\/post"}],"author":[{"embeddable":true,"href":"https:\/\/herzogtum-direkt.de\/index.php\/wp-json\/wp\/v2\/users\/2"}],"replies":[{"embeddable":true,"href":"https:\/\/herzogtum-direkt.de\/index.php\/wp-json\/wp\/v2\/comments?post=23223"}],"version-history":[{"count":1,"href":"https:\/\/herzogtum-direkt.de\/index.php\/wp-json\/wp\/v2\/posts\/23223\/revisions"}],"predecessor-version":[{"id":23224,"href":"https:\/\/herzogtum-direkt.de\/index.php\/wp-json\/wp\/v2\/posts\/23223\/revisions\/23224"}],"wp:featuredmedia":[{"embeddable":true,"href":"https:\/\/herzogtum-direkt.de\/index.php\/wp-json\/wp\/v2\/media\/1186"}],"wp:attachment":[{"href":"https:\/\/herzogtum-direkt.de\/index.php\/wp-json\/wp\/v2\/media?parent=23223"}],"wp:term":[{"taxonomy":"category","embeddable":true,"href":"https:\/\/herzogtum-direkt.de\/index.php\/wp-json\/wp\/v2\/categories?post=23223"},{"taxonomy":"post_tag","embeddable":true,"href":"https:\/\/herzogtum-direkt.de\/index.php\/wp-json\/wp\/v2\/tags?post=23223"}],"curies":[{"name":"wp","href":"https:\/\/api.w.org\/{rel}","templated":true}]}}