{"id":23027,"date":"2020-05-16T10:16:58","date_gmt":"2020-05-16T09:16:58","guid":{"rendered":"https:\/\/herzogtum-direkt.de\/?p=23027"},"modified":"2020-05-16T10:16:58","modified_gmt":"2020-05-16T09:16:58","slug":"moelln-versand-der-beitragsbescheide-fuer-umstellung-der-strassenbeleuchtung-auf-led-wieder-aufgenommen","status":"publish","type":"post","link":"https:\/\/herzogtum-direkt.de\/index.php\/2020\/05\/16\/moelln-versand-der-beitragsbescheide-fuer-umstellung-der-strassenbeleuchtung-auf-led-wieder-aufgenommen\/","title":{"rendered":"M\u00f6lln: Versand der Beitragsbescheide f\u00fcr Umstellung der Stra\u00dfenbeleuchtung auf LED wieder aufgenommen"},"content":{"rendered":"<p><strong>M\u00f6lln (pm).<\/strong> Die Stadt M\u00f6lln hat zusammen mit ihrer Partnerin, der Stadtwerke M\u00f6lln GmbH, seit 2017 in zirka 180 Stra\u00dfen rund 1.250 Stra\u00dfenleuchten erneuert und damit auf LED umgestellt. Dies entspricht etwa der H\u00e4lfte der gesamten Stra\u00dfenbeleuchtung in M\u00f6lln.<br \/>\nDa die Stra\u00dfenbeleuchtung Bestandteil der jeweiligen Stra\u00dfe ist, sind f\u00fcr diese Erneuerungs- und Verbesserungsma\u00dfnahme Anliegerbeitr\u00e4ge nach der Stra\u00dfenbaubeitragssatzung der Stadt M\u00f6lln zu erheben. Seit 2018 wurden nach und nach je nach Fertigstellung die Beitragsbescheide verschickt.<\/p>\n<p>Die H\u00f6he der Beitr\u00e4ge kann dabei sehr unterschiedlich ausfallen, da die Stra\u00dfen in der Stadt sehr unterschiedliche Bedingungen bez\u00fcglich der Beleuchtungsanforderungen und ihrer Bedeutung im st\u00e4dtischen Stra\u00dfennetz, insbesondere aber auch hinsichtlich der anliegenden Grundst\u00fccke aufweisen. Hierbei ist nicht relevant, ob vor dem jeweiligen Grundst\u00fcck eine Verbesserung der Beleuchtung eingetreten ist, vielmehr ist die Situation in der Stra\u00dfe insgesamt ma\u00dfgebend. Nach einer kurzen Zeit des Aussetzens wegen der Corona-Krise wird ab etwa Juni 2020 das Versenden der Beitragsbescheide fortgesetzt.<\/p>\n<p>Es wird um Verst\u00e4ndnis gebeten, dass Ausk\u00fcnfte zu einzelnen Grundst\u00fccken im Vorwege nicht erteilt werden k\u00f6nnen, da die Verteilung des umlagef\u00e4higen Aufwandes auf die anliegenden Grundst\u00fccke genauso aufwendig ist, wie bei einem kompletten Stra\u00dfenausbau. Die versandten Beitragsbescheide werden die zust\u00e4ndigen Mitarbeiter auf Wunsch gerne erl\u00e4utern. Es wird jedoch gebeten, hierzu m\u00f6glichst die im Bescheid genannten Telefonnummern oder Email-Adressen zu nutzen. Pers\u00f6nliche Gespr\u00e4che im Stadthaus k\u00f6nnen auf Grund der Corona-bedingten Zugangsbeschr\u00e4nkungen im Stadhaus nur ausnahmsweise und mit vorheriger Anmeldung durchgef\u00fchrt werden. Hierf\u00fcr bittet die Stadt M\u00f6lln um Verst\u00e4ndnis.<\/p>\n","protected":false},"excerpt":{"rendered":"<p>M\u00f6lln (pm). Die Stadt M\u00f6lln hat zusammen mit ihrer Partnerin, der Stadtwerke M\u00f6lln GmbH, seit 2017 in zirka 180 Stra\u00dfen rund 1.250 Stra\u00dfenleuchten erneuert und damit auf LED umgestellt. Dies entspricht etwa der H\u00e4lfte der gesamten Stra\u00dfenbeleuchtung in M\u00f6lln. Da die Stra\u00dfenbeleuchtung Bestandteil der jeweiligen Stra\u00dfe ist, sind f\u00fcr diese Erneuerungs- und Verbesserungsma\u00dfnahme Anliegerbeitr\u00e4ge nach [&hellip;]<\/p>\n","protected":false},"author":2,"featured_media":1186,"comment_status":"open","ping_status":"closed","sticky":false,"template":"","format":"standard","meta":{"jnews-multi-image_gallery":[],"jnews_single_post":[],"jnews_primary_category":[],"jnews_social_meta":[],"jnews_override_counter":[],"jnews_post_split":[],"footnotes":""},"categories":[66],"tags":[133,518],"class_list":["post-23027","post","type-post","status-publish","format-standard","has-post-thumbnail","hentry","category-moelln","tag-moelln","tag-strassenbeleuchtung"],"_links":{"self":[{"href":"https:\/\/herzogtum-direkt.de\/index.php\/wp-json\/wp\/v2\/posts\/23027","targetHints":{"allow":["GET"]}}],"collection":[{"href":"https:\/\/herzogtum-direkt.de\/index.php\/wp-json\/wp\/v2\/posts"}],"about":[{"href":"https:\/\/herzogtum-direkt.de\/index.php\/wp-json\/wp\/v2\/types\/post"}],"author":[{"embeddable":true,"href":"https:\/\/herzogtum-direkt.de\/index.php\/wp-json\/wp\/v2\/users\/2"}],"replies":[{"embeddable":true,"href":"https:\/\/herzogtum-direkt.de\/index.php\/wp-json\/wp\/v2\/comments?post=23027"}],"version-history":[{"count":1,"href":"https:\/\/herzogtum-direkt.de\/index.php\/wp-json\/wp\/v2\/posts\/23027\/revisions"}],"predecessor-version":[{"id":23028,"href":"https:\/\/herzogtum-direkt.de\/index.php\/wp-json\/wp\/v2\/posts\/23027\/revisions\/23028"}],"wp:featuredmedia":[{"embeddable":true,"href":"https:\/\/herzogtum-direkt.de\/index.php\/wp-json\/wp\/v2\/media\/1186"}],"wp:attachment":[{"href":"https:\/\/herzogtum-direkt.de\/index.php\/wp-json\/wp\/v2\/media?parent=23027"}],"wp:term":[{"taxonomy":"category","embeddable":true,"href":"https:\/\/herzogtum-direkt.de\/index.php\/wp-json\/wp\/v2\/categories?post=23027"},{"taxonomy":"post_tag","embeddable":true,"href":"https:\/\/herzogtum-direkt.de\/index.php\/wp-json\/wp\/v2\/tags?post=23027"}],"curies":[{"name":"wp","href":"https:\/\/api.w.org\/{rel}","templated":true}]}}