{"id":22772,"date":"2020-05-06T08:08:22","date_gmt":"2020-05-06T07:08:22","guid":{"rendered":"https:\/\/herzogtum-direkt.de\/?p=22772"},"modified":"2020-05-06T08:08:22","modified_gmt":"2020-05-06T07:08:22","slug":"dieter-thiel-neuer-inklusionskoordinator-beim-kreissportverband","status":"publish","type":"post","link":"https:\/\/herzogtum-direkt.de\/index.php\/2020\/05\/06\/dieter-thiel-neuer-inklusionskoordinator-beim-kreissportverband\/","title":{"rendered":"Dieter Thiel \u2013 neuer Inklusionskoordinator beim Kreissportverband"},"content":{"rendered":"<p><strong>Herzogtum Lauenburg (pm).<\/strong> Der Kreissportverband Herzogtum Lauenburg (KSV) freut sich seit dem 1. M\u00e4rz 2020, Dieter Thiel, mit der Aufgabe, als neuer Inklusionskoordinator des Kreissportverbandes Herzogtum Lauenburg, betrauen zu k\u00f6nnen. Der gelernte 37j\u00e4hrige B\u00fcchener Kaufmann und Betriebswirt hat bereits beruflich mit sehr vielen Menschen mit und ohne Behinderungen zusammengearbeitet. \u201eTrotz meiner Schwerbehinderung ist f\u00fcr mich Bewegung sehr wichtig. Seit meiner Kindheit habe ich neben Fu\u00dfball, Sportabzeichen, Schie\u00dfsport auch das Sportfischen f\u00fcr mich entdeckt und aktiv betrieben. Der Breitensport ist also mein Revier&#8220;, \u00e4u\u00dferte sich Dieter Thiel \u00fcber seine Motive f\u00fcr diese T\u00e4tigkeit.<\/p>\n<figure id=\"attachment_22774\" aria-describedby=\"caption-attachment-22774\" style=\"width: 209px\" class=\"wp-caption alignleft\"><a href=\"https:\/\/herzogtum-direkt.de\/wp-content\/uploads\/2020\/05\/Dieter-Thiel.jpg\"><img fetchpriority=\"high\" decoding=\"async\" class=\"size-medium wp-image-22774\" src=\"https:\/\/herzogtum-direkt.de\/wp-content\/uploads\/2020\/05\/Dieter-Thiel-209x300.jpg\" alt=\"\" width=\"209\" height=\"300\" srcset=\"https:\/\/herzogtum-direkt.de\/wp-content\/uploads\/2020\/05\/Dieter-Thiel-209x300.jpg 209w, https:\/\/herzogtum-direkt.de\/wp-content\/uploads\/2020\/05\/Dieter-Thiel-293x420.jpg 293w, https:\/\/herzogtum-direkt.de\/wp-content\/uploads\/2020\/05\/Dieter-Thiel.jpg 500w\" sizes=\"(max-width: 209px) 100vw, 209px\" \/><\/a><figcaption id=\"caption-attachment-22774\" class=\"wp-caption-text\">Dieter Thiel, neuer Inklusionskoordinator des Kreissportverbandes Hzgt. Lauenburg. Foto: Kreissportverband<\/figcaption><\/figure>\n<p>Hochmotiviert f\u00fcgt er hinzu: \u201eEs ist mir eine Herzensaufgabe, Menschen mit und ohne Behinderungen zusammen zu bringen. Denn nicht nur Bewegung, sondern auch das menschliche Miteinander ist entscheidend. Umso wichtiger ist es, dass wir das Thema Inklusion aktiv vorantreiben und es als eine Selbstverst\u00e4ndlichkeit betrachten und leben.\u201c<\/p>\n<p>Ein neuartiges Projekt konnte der Inklusionsbeauftragte nun im Kreis Hzgt. Lauenburg vorstellen. Der Landessportfischerverband Schleswig-Holstein (LSFV) und deren Behindertenbeauftragte, Sabine H\u00fcbner, haben es sich zur Aufgabe gemacht, auch Sportfischern mit Behinderungen und Einschr\u00e4nkungen die Hobbyaus\u00fcbung zu erm\u00f6glichen.<\/p>\n<p>Trotz des schlechten Wetters konnte im Februar 2020 mit dem Bau von drei barrierefreien Angelpl\u00e4tzen am Elbe-L\u00fcbeck-Kanal in M\u00f6lln und Umgebung begonnen werden. Diese sind, nach Fertigstellung, nicht nur f\u00fcr Rollstuhlfahrer geeignet, sondern auch f\u00fcr schwindelanf\u00e4llige Menschen, Geh\u00f6rlose, Blinde oder eben auch f\u00fcr unsere \u00e4lteren Angelkameraden, die einfach nur \u201eschlecht zu Fu\u00df\u201c sind.<\/p>\n<p>Lesen Sie mehr \u00fcber dieses Projekt auf der Homepage des KSV unter <a href=\"http:\/\/www.ksv-lbg.de\" target=\"_blank\" rel=\"noopener noreferrer\">www.ksv-lbg.de<\/a>.<\/p>\n","protected":false},"excerpt":{"rendered":"<p>Herzogtum Lauenburg (pm). Der Kreissportverband Herzogtum Lauenburg (KSV) freut sich seit dem 1. M\u00e4rz 2020, Dieter Thiel, mit der Aufgabe, als neuer Inklusionskoordinator des Kreissportverbandes Herzogtum Lauenburg, betrauen zu k\u00f6nnen. Der gelernte 37j\u00e4hrige B\u00fcchener Kaufmann und Betriebswirt hat bereits beruflich mit sehr vielen Menschen mit und ohne Behinderungen zusammengearbeitet. \u201eTrotz meiner Schwerbehinderung ist f\u00fcr mich [&hellip;]<\/p>\n","protected":false},"author":2,"featured_media":22773,"comment_status":"open","ping_status":"closed","sticky":false,"template":"","format":"standard","meta":{"jnews-multi-image_gallery":[],"jnews_single_post":[],"jnews_primary_category":[],"jnews_social_meta":[],"jnews_override_counter":[],"jnews_post_split":[],"footnotes":""},"categories":[71],"tags":[1366,2739],"class_list":["post-22772","post","type-post","status-publish","format-standard","has-post-thumbnail","hentry","category-sport","tag-inklusion","tag-sportfischen"],"_links":{"self":[{"href":"https:\/\/herzogtum-direkt.de\/index.php\/wp-json\/wp\/v2\/posts\/22772","targetHints":{"allow":["GET"]}}],"collection":[{"href":"https:\/\/herzogtum-direkt.de\/index.php\/wp-json\/wp\/v2\/posts"}],"about":[{"href":"https:\/\/herzogtum-direkt.de\/index.php\/wp-json\/wp\/v2\/types\/post"}],"author":[{"embeddable":true,"href":"https:\/\/herzogtum-direkt.de\/index.php\/wp-json\/wp\/v2\/users\/2"}],"replies":[{"embeddable":true,"href":"https:\/\/herzogtum-direkt.de\/index.php\/wp-json\/wp\/v2\/comments?post=22772"}],"version-history":[{"count":1,"href":"https:\/\/herzogtum-direkt.de\/index.php\/wp-json\/wp\/v2\/posts\/22772\/revisions"}],"predecessor-version":[{"id":22775,"href":"https:\/\/herzogtum-direkt.de\/index.php\/wp-json\/wp\/v2\/posts\/22772\/revisions\/22775"}],"wp:featuredmedia":[{"embeddable":true,"href":"https:\/\/herzogtum-direkt.de\/index.php\/wp-json\/wp\/v2\/media\/22773"}],"wp:attachment":[{"href":"https:\/\/herzogtum-direkt.de\/index.php\/wp-json\/wp\/v2\/media?parent=22772"}],"wp:term":[{"taxonomy":"category","embeddable":true,"href":"https:\/\/herzogtum-direkt.de\/index.php\/wp-json\/wp\/v2\/categories?post=22772"},{"taxonomy":"post_tag","embeddable":true,"href":"https:\/\/herzogtum-direkt.de\/index.php\/wp-json\/wp\/v2\/tags?post=22772"}],"curies":[{"name":"wp","href":"https:\/\/api.w.org\/{rel}","templated":true}]}}