{"id":22531,"date":"2020-04-25T10:07:37","date_gmt":"2020-04-25T09:07:37","guid":{"rendered":"https:\/\/herzogtum-direkt.de\/?p=22531"},"modified":"2020-04-25T10:07:37","modified_gmt":"2020-04-25T09:07:37","slug":"land-stellt-drei-millionen-euro-zur-linderung-sozialer-notlagen-zur-verfuegung","status":"publish","type":"post","link":"https:\/\/herzogtum-direkt.de\/index.php\/2020\/04\/25\/land-stellt-drei-millionen-euro-zur-linderung-sozialer-notlagen-zur-verfuegung\/","title":{"rendered":"Land stellt drei Millionen Euro zur Linderung sozialer Notlagen zur Verf\u00fcgung"},"content":{"rendered":"<p><strong>Kiel (pm).<\/strong> \u201eTr\u00e4ger sozialer Einrichtungen, die sich um Menschen in Notlagen k\u00fcmmern, k\u00f6nnen ab sofort bei den Kreisen und kreisfreien St\u00e4dten F\u00f6rderungen beantragen. Insgesamt stellt das Land daf\u00fcr in Folge der Corona-Krise drei Millionen Euro zur Verf\u00fcgung. Der Anteil der Fondmittel f\u00fcr den Kreis Herzogtum Lauenburg betr\u00e4gt 163.400 Euro. Dies kommt besonders den Tafeln und der Hilfe f\u00fcr Obdachlose zugute. Aber auch andere Hilfen, mit denen soziale H\u00e4rtef\u00e4lle und menschliche Notlagen gelindert werden, k\u00f6nnen aus dem Fonds zur Abdeckung sozialer H\u00e4rten unterst\u00fctzt werden\u201c, so die lauenburgischen Landtagsabgeordneten Andrea Tschacher und Klaus Schlie. Tschacher weiter: \u201eDas ist eine absolut notwendige humanit\u00e4re Hilfe in dieser schwierigen Zeit f\u00fcr diejenigen, die am Rand unserer Gesellschaft leben\u201c.<\/p>\n<p>Diese Hilfe, f\u00fcr die sich die CDU-Landtagsabgeordneten seit einiger Zeit eingesetzt haben, kann nun konkret anlaufen. Die Richtlinie tritt r\u00fcckwirkend zum 15. M\u00e4rz 2020 in Kraft und ist bis zum 31. Dezember 2020 befristet. Sie unterst\u00fctzt die gro\u00dfartigen Initiativen und Hilfen, die in diesem Bereich stattfinden. Tafeln k\u00f6nnen dadurch Lebensmittel einkaufen. Dies wird helfen, die zum Teil weniger gewordenen Lebensmittelspenden aufzufangen und bietet Tafeln die M\u00f6glichkeit, unter Einhaltung der notwendigen Abstands- und Hygieneregeln ihre gewohnte Arbeit fortzusetzen.<\/p>\n<p>Gef\u00f6rdert werden k\u00f6nnen auch medizinische Leistungen f\u00fcr Personen ohne regul\u00e4ren Zugang zum Gesundheitssystem. \u201eObdach- und Wohnungslose sind durch das Corona-Virus besonders gef\u00e4hrdet. Deswegen sind auch medizinische Leistungen durch den Fonds m\u00f6glich\u201c, so Klaus Schlie abschlie\u00dfend.<\/p>\n","protected":false},"excerpt":{"rendered":"<p>Kiel (pm). \u201eTr\u00e4ger sozialer Einrichtungen, die sich um Menschen in Notlagen k\u00fcmmern, k\u00f6nnen ab sofort bei den Kreisen und kreisfreien St\u00e4dten F\u00f6rderungen beantragen. Insgesamt stellt das Land daf\u00fcr in Folge der Corona-Krise drei Millionen Euro zur Verf\u00fcgung. Der Anteil der Fondmittel f\u00fcr den Kreis Herzogtum Lauenburg betr\u00e4gt 163.400 Euro. Dies kommt besonders den Tafeln und [&hellip;]<\/p>\n","protected":false},"author":2,"featured_media":1186,"comment_status":"open","ping_status":"closed","sticky":false,"template":"","format":"standard","meta":{"jnews-multi-image_gallery":[],"jnews_single_post":[],"jnews_primary_category":[],"jnews_social_meta":[],"jnews_override_counter":[],"jnews_post_split":[],"footnotes":""},"categories":[95,72],"tags":[2630],"class_list":["post-22531","post","type-post","status-publish","format-standard","has-post-thumbnail","hentry","category-aus-der-region","category-wirtschaft","tag-corona"],"_links":{"self":[{"href":"https:\/\/herzogtum-direkt.de\/index.php\/wp-json\/wp\/v2\/posts\/22531","targetHints":{"allow":["GET"]}}],"collection":[{"href":"https:\/\/herzogtum-direkt.de\/index.php\/wp-json\/wp\/v2\/posts"}],"about":[{"href":"https:\/\/herzogtum-direkt.de\/index.php\/wp-json\/wp\/v2\/types\/post"}],"author":[{"embeddable":true,"href":"https:\/\/herzogtum-direkt.de\/index.php\/wp-json\/wp\/v2\/users\/2"}],"replies":[{"embeddable":true,"href":"https:\/\/herzogtum-direkt.de\/index.php\/wp-json\/wp\/v2\/comments?post=22531"}],"version-history":[{"count":1,"href":"https:\/\/herzogtum-direkt.de\/index.php\/wp-json\/wp\/v2\/posts\/22531\/revisions"}],"predecessor-version":[{"id":22532,"href":"https:\/\/herzogtum-direkt.de\/index.php\/wp-json\/wp\/v2\/posts\/22531\/revisions\/22532"}],"wp:featuredmedia":[{"embeddable":true,"href":"https:\/\/herzogtum-direkt.de\/index.php\/wp-json\/wp\/v2\/media\/1186"}],"wp:attachment":[{"href":"https:\/\/herzogtum-direkt.de\/index.php\/wp-json\/wp\/v2\/media?parent=22531"}],"wp:term":[{"taxonomy":"category","embeddable":true,"href":"https:\/\/herzogtum-direkt.de\/index.php\/wp-json\/wp\/v2\/categories?post=22531"},{"taxonomy":"post_tag","embeddable":true,"href":"https:\/\/herzogtum-direkt.de\/index.php\/wp-json\/wp\/v2\/tags?post=22531"}],"curies":[{"name":"wp","href":"https:\/\/api.w.org\/{rel}","templated":true}]}}