{"id":22323,"date":"2020-04-15T16:01:16","date_gmt":"2020-04-15T15:01:16","guid":{"rendered":"https:\/\/herzogtum-direkt.de\/?p=22323"},"modified":"2020-04-16T10:16:00","modified_gmt":"2020-04-16T09:16:00","slug":"ratzeburg-zeigt-sich-solidarisch-mit-seinen-europaeischen-partnerstaedten","status":"publish","type":"post","link":"https:\/\/herzogtum-direkt.de\/index.php\/2020\/04\/15\/ratzeburg-zeigt-sich-solidarisch-mit-seinen-europaeischen-partnerstaedten\/","title":{"rendered":"Ratzeburg zeigt sich solidarisch mit seinen europ\u00e4ischen Partnerst\u00e4dten"},"content":{"rendered":"<p><strong>Ratzeburg (pm).<\/strong> Die Stadt Ratzeburg hat vor dem Rathaus die Landesflaggen der europ\u00e4ischen Partnerst\u00e4dte gehisst. Es ist ein Zeichen der Solidarit\u00e4t in Zeiten der Corona-Pandemie, die insbesondere in Frankreich und Belgien besonders verheerend ist und eine Erinnerung, dass alle Menschen in Europa gleicherma\u00dfen betroffen sind.<\/p>\n<p>\u201eMit gro\u00dfer Anteilnahme schaue ich auf unsere Freunde in Frankreich und Belgien, die aktuell in noch viel gr\u00f6\u00dferem Ma\u00dfe von der Corona-Pandemie getroffen werden, als es hier in Ratzeburg der Fall ist. Ich hoffe sehr, dass Sie alles zur Verf\u00fcgung haben, um diese Herausforderungen meistern zu k\u00f6nnen und dass es ganz schnell wieder Lichtblicke f\u00fcr Sie in Ch\u00e2tillon-sur-Seine, in Walcourt und Esneux gibt. Aber auch unsere Freunde im Norden, in Ribe und Str\u00e4ngn\u00e4s, und im Osten, in Sopot, sind sehr in unseren Gedanken, alle auf ihre Weise damit befasst, eine noch viel schlimmere Entwicklung zu verhindern\u201c, sagt B\u00fcrgermeister Gunnar Koech in einem Solidarit\u00e4tsschreiben, das pers\u00f6nlich an die B\u00fcrgermeisterinnen und B\u00fcrgermeister der europ\u00e4ischen Partnerst\u00e4dte gerichtet ist.<\/p>\n<p>\u201eAuch wenn es nur Worte sind, mit denen ich als B\u00fcrgermeister von Ratzeburg meine Solidarit\u00e4t mit Ihnen zeigen kann, so hoffe ich, dass diese freundschaftlichen Gr\u00fc\u00dfe, die ich im Namen aller Ratzeburgerinnen und Ratzeburger sende, ein kleiner Lichtblick sein k\u00f6nnen. Eine Hoffnung, dass wir uns alle sehr bald, gesund und wohlbehalten, wiedersehen k\u00f6nnen\u201c, so B\u00fcrgermeister Koech und verweist auf die im kommenden Jahr geplante Zusammenkunft in Ratzeburg im Rahmen des Verbr\u00fcderungstreffens.<\/p>\n<p>Die Flaggen vor dem Rathaus sollen bis Ende der Woche in dieser Weise daran erinnern, dass Europa nur zusammen und mit Zusammenhalt durch diese schwierige Zeit kommen kann.<\/p>\n","protected":false},"excerpt":{"rendered":"<p>Ratzeburg (pm). Die Stadt Ratzeburg hat vor dem Rathaus die Landesflaggen der europ\u00e4ischen Partnerst\u00e4dte gehisst. Es ist ein Zeichen der Solidarit\u00e4t in Zeiten der Corona-Pandemie, die insbesondere in Frankreich und Belgien besonders verheerend ist und eine Erinnerung, dass alle Menschen in Europa gleicherma\u00dfen betroffen sind. \u201eMit gro\u00dfer Anteilnahme schaue ich auf unsere Freunde in Frankreich [&hellip;]<\/p>\n","protected":false},"author":2,"featured_media":22324,"comment_status":"open","ping_status":"closed","sticky":false,"template":"","format":"standard","meta":{"jnews-multi-image_gallery":[],"jnews_single_post":[],"jnews_primary_category":[],"jnews_social_meta":[],"jnews_override_counter":[],"jnews_post_split":[],"footnotes":""},"categories":[63,64,2],"tags":[2630,114],"class_list":["post-22323","post","type-post","status-publish","format-standard","has-post-thumbnail","hentry","category-herzogtum-lauenburg","category-ratzeburg","category-startseite","tag-corona","tag-ratzeburg"],"_links":{"self":[{"href":"https:\/\/herzogtum-direkt.de\/index.php\/wp-json\/wp\/v2\/posts\/22323","targetHints":{"allow":["GET"]}}],"collection":[{"href":"https:\/\/herzogtum-direkt.de\/index.php\/wp-json\/wp\/v2\/posts"}],"about":[{"href":"https:\/\/herzogtum-direkt.de\/index.php\/wp-json\/wp\/v2\/types\/post"}],"author":[{"embeddable":true,"href":"https:\/\/herzogtum-direkt.de\/index.php\/wp-json\/wp\/v2\/users\/2"}],"replies":[{"embeddable":true,"href":"https:\/\/herzogtum-direkt.de\/index.php\/wp-json\/wp\/v2\/comments?post=22323"}],"version-history":[{"count":1,"href":"https:\/\/herzogtum-direkt.de\/index.php\/wp-json\/wp\/v2\/posts\/22323\/revisions"}],"predecessor-version":[{"id":22325,"href":"https:\/\/herzogtum-direkt.de\/index.php\/wp-json\/wp\/v2\/posts\/22323\/revisions\/22325"}],"wp:featuredmedia":[{"embeddable":true,"href":"https:\/\/herzogtum-direkt.de\/index.php\/wp-json\/wp\/v2\/media\/22324"}],"wp:attachment":[{"href":"https:\/\/herzogtum-direkt.de\/index.php\/wp-json\/wp\/v2\/media?parent=22323"}],"wp:term":[{"taxonomy":"category","embeddable":true,"href":"https:\/\/herzogtum-direkt.de\/index.php\/wp-json\/wp\/v2\/categories?post=22323"},{"taxonomy":"post_tag","embeddable":true,"href":"https:\/\/herzogtum-direkt.de\/index.php\/wp-json\/wp\/v2\/tags?post=22323"}],"curies":[{"name":"wp","href":"https:\/\/api.w.org\/{rel}","templated":true}]}}