{"id":22248,"date":"2020-04-11T10:15:06","date_gmt":"2020-04-11T09:15:06","guid":{"rendered":"https:\/\/herzogtum-direkt.de\/?p=22248"},"modified":"2020-04-11T10:15:06","modified_gmt":"2020-04-11T09:15:06","slug":"kabinett-beschliesst-pruefungsbedingungen-fuer-abiturienten","status":"publish","type":"post","link":"https:\/\/herzogtum-direkt.de\/index.php\/2020\/04\/11\/kabinett-beschliesst-pruefungsbedingungen-fuer-abiturienten\/","title":{"rendered":"Kabinett beschlie\u00dft Pr\u00fcfungsbedingungen f\u00fcr Abiturienten"},"content":{"rendered":"<p><strong>Kiel (pm).<\/strong> Das Kabinett ist in seiner Sitzung am 8. April dem Vorschlag von Bildungsministerin Karin Prien zur Durchf\u00fchrung der Abschlusspr\u00fcfungen in diesem Schuljahr gefolgt. &#8222;Wir schaffen mit den nun festgelegten Regeln einen Rahmen, in dem aus heutiger Sicht die Abschlusspr\u00fcfungen stattfinden k\u00f6nnen&#8220;, so Prien. Die Ausbreitung des Coronavirus zu verlangsamen habe weiterhin h\u00f6chste Priorit\u00e4t. Das Ziel des Bildungsministeriums sei es, f\u00fcr alle Sch\u00fclerinnen und Sch\u00fcler die bestm\u00f6glichen Pr\u00fcfungsbedingungen in dieser schwierigen Situation sicherzustellen.<\/p>\n<p>&#8222;Dabei gehen Sicherheit und Gesundheit vor.&#8220; Ministerin Prien machte den Sch\u00fclerinnen und Sch\u00fclern Mut, die am 21. April zu ihrer ersten Abiturklausur antreten &#8222;Sie sind gut vorbereitet. Sie wissen viel, Sie k\u00f6nnen viel und Sie sind durch die gesamte Oberstufe auf diese Pr\u00fcfungen vorbereitet worden. Vertrauen Sie auf Ihr K\u00f6nnen.&#8220; Ab dem 11. Mai sollen die Sch\u00fclerinnen und Sch\u00fcler an Gemeinschaftsschulen dann in ihre Pr\u00fcfungen zum Ersten allgemeinbildenden Schulabschluss (ESA) und zum Mittleren Schulabschluss (MSA) starten.<\/p>\n<p>Gemeinsam mit Gesundheitsexperten habe man ein Regelwerk erstellt, dass die Durchf\u00fchrung der Abschlusspr\u00fcfungen an allgemeinbildenden und berufsbildenden Schulen unter dem Gesichtspunkt des Infektionsschutzes m\u00f6glich macht. Es orientiert sich an den Empfehlungen des Robert Koch-Instituts f\u00fcr Veranstaltungen.<\/p>\n<p>Zu den Handlungsempfehlungen f\u00fcr die Schulen z\u00e4hlen:<\/p>\n<h3 class=\"\"><strong>Organisation der Pr\u00fcfungen<\/strong><\/h3>\n<ul>\n<li>Pr\u00fcflinge und Pr\u00fcfaufsicht benutzen bei Betreten des Schulgeb\u00e4udes das dort bereitgestellte Desinfektionsmittel. Eine Pr\u00fcfaufsicht f\u00fchrt eine Zugangskontrolle anhand der Teilnehmerliste durch und die Pr\u00fcflinge versichern, dass sie bei sich keine respiratorischen Symptome festgestellt haben.<\/li>\n<li>In den Pr\u00fcfungsr\u00e4umen muss ein Mindestabstand von zwei Metern zwischen allen Pr\u00fcflingen und zur Pr\u00fcfungsaufsicht gew\u00e4hrleistet sein. Die Pr\u00fcfungsgruppen m\u00fcssen dazu entweder auf mehrere R\u00e4ume aufgeteilt werden oder es m\u00fcssen gr\u00f6\u00dfere R\u00e4ume (<abbr class=\"has-tip tip-bottom\" title=\"\" data-tooltip=\"\" aria-haspopup=\"true\" data-selector=\"tooltip-k8vefk1c0\" aria-describedby=\"tooltip-k8vefk1c0\">z.B.<\/abbr>: Aula, Sporthalle) genutzt werden. Diese Abst\u00e4nde m\u00fcssen auch sichergestellt sein in Wartebereichen und an anderen Orten, an denen Sch\u00fclerinnen und Sch\u00fcler sich aufhalten.<\/li>\n<li>Die Pr\u00fcfungsaufgaben sollen vor Erscheinen der Sch\u00fclerinnen und Sch\u00fcler auf den Pl\u00e4tzen auslegt werden. Das Pr\u00fcfungspersonal soll die B\u00f6gen dabei nicht direkt anfassen, sondern Handschuhe tragen.<\/li>\n<li>Die Pr\u00fcfungsr\u00e4ume und die weiteren genutzten R\u00e4ume werden am Vortag jeder Pr\u00fcfung mit Reinigungsmitteln eingehend professionell gereinigt. Dies gilt insbesondere f\u00fcr die Tische der Pr\u00fcflinge. W\u00e4hrend der Pr\u00fcfungsdurchf\u00fchrung sind die R\u00e4ume regelm\u00e4\u00dfig zu l\u00fcften. Die T\u00fcren der Pr\u00fcfr\u00e4ume sollten offengehalten werden, damit die Benutzung von T\u00fcrklinken vermieden werden kann.<\/li>\n<li>In den Pr\u00fcfungsr\u00e4umen werden Hinweisschilder der <abbr class=\"has-tip tip-bottom\" title=\"\" data-tooltip=\"\" aria-haspopup=\"true\" data-selector=\"tooltip-k8vefk1c1\" aria-describedby=\"tooltip-k8vefk1c1\">BzgA<\/abbr> (siehe Anlage) zum Infektionsschutz ausgeh\u00e4ngt, die <abbr class=\"has-tip tip-bottom\" title=\"\" data-tooltip=\"\" aria-haspopup=\"true\" data-selector=\"tooltip-k8vefk1c2\" aria-describedby=\"tooltip-k8vefk1c2\">z.B.<\/abbr> \u00fcber allgemeine Schutzma\u00dfnahmen wie H\u00e4ndehygiene, Abstand sowie Husten- und Nies-Etikette informieren.<\/li>\n<li>F\u00fcr die Toilettenbenutzung sind Laufwege durch die Schule auszuweisen, die Begegnungen verhindern. Auch die Toilettenr\u00e4ume werden vor und nach jeder Pr\u00fcfung eingehend gereinigt, und die Verf\u00fcgbarkeit von Seife und Papiert\u00fcchern wird sichergestellt.<\/li>\n<li>An zentralen Stellen im Schulgeb\u00e4ude soll Desinfektionsmitteln bereitgestellt werden. Vor dem Zugang zu den Toilettenbereichen soll ein Wartebereich eingerichtet werden, der mit einer Pr\u00fcfungsaufsicht besetzt ist, die sicherstellt, dass sich Pr\u00fcflinge bei den Toiletteng\u00e4ngen nicht begegnen. In den Toilettenr\u00e4umen sollen geeignete Hygienehinweise zum richtigen H\u00e4ndewaschen aush\u00e4ngen.<\/li>\n<\/ul>\n<h3 class=\"\"><strong>Teilnehmende an den Pr\u00fcfungen<\/strong><\/h3>\n<ul>\n<li>In der Schule d\u00fcrfen sich nur unmittelbar am Pr\u00fcfgeschehen beteiligte Personen (zum Beispiel Mitglieder der Pr\u00fcfungskommissionen, Pr\u00fcflinge) aufhalten. Sofort nach der Pr\u00fcfung m\u00fcssen die Pr\u00fcflinge das Gel\u00e4nde verlassen. Die Pr\u00fcfungsaufsicht stellt sicher, dass Ansammlung von Sch\u00fclerinnen und Sch\u00fclern beim Betreten und beim Verlassen des Schulgeb\u00e4udes vermieden werden.<\/li>\n<li>Die Pr\u00fcfungsaufsicht erfasst die anwesenden Personen in einer Anwesenheitsliste, die mindestens als Angaben enth\u00e4lt: Vor- und Familienname, vollst\u00e4ndige Anschrift und Telefonnummer sowie Raumnummer und Sitzplatz. Die Anwesenheitsliste ist von der Schule f\u00fcr die Dauer von vier Wochen nach Ende der Abschlusspr\u00fcfungen aufzubewahren und dem zust\u00e4ndigen Gesundheitsamt auf Verlangen auszuh\u00e4ndigen.<\/li>\n<li>Sch\u00fclerinnen und Sch\u00fcler, die zu einer Risikogruppe geh\u00f6ren, melden dies bei ihrer Schule an und werden die M\u00f6glichkeit erhalten, das Schulgeb\u00e4ude entweder durch einen gesonderten Eingang oder zu einer bestimmten Zeit einzeln zu betreten und in einem eigenen Pr\u00fcfungsraum die Pr\u00fcfung zu absolvieren.<\/li>\n<li>Sch\u00fclerinnen und Sch\u00fcler mit akuten respiratorischen Symptomen d\u00fcrfen nicht an den regul\u00e4ren Pr\u00fcfungsterminen teilnehmen, sondern nehmen die Nachholtermine wahr. Atteste m\u00fcssen nicht sofort vorgelegt werden. Sollten w\u00e4hrend der Pr\u00fcfung akute respiratorische Symptome auftreten (vor allem Husten, Halskratzen- <abbr class=\"has-tip tip-bottom\" title=\"\" data-tooltip=\"\" aria-haspopup=\"true\" data-selector=\"tooltip-k8vefk1c3\" aria-describedby=\"tooltip-k8vefk1c3\">bzw.<\/abbr> Halsschmerzen, Kurzatmigkeit, Muskel- <abbr class=\"has-tip tip-bottom\" title=\"\" data-tooltip=\"\" aria-haspopup=\"true\" data-selector=\"tooltip-k8vefk1c4\" aria-describedby=\"tooltip-k8vefk1c4\">bzw.<\/abbr> Gelenkschmerzen), wird die betroffene Person zur Sicherstellung eines ordnungsgem\u00e4\u00dfen Pr\u00fcfungsablaufs und zum Schutz der Gesundheit der weiteren Anwesenden die Pr\u00fcfung in einem Einzelraum abschlie\u00dfen.<\/li>\n<li>An der Pr\u00fcfungsdurchf\u00fchrung wirken s\u00e4mtliche Lehrkr\u00e4fte mit. Sie stehen als Pr\u00fcfungsaufsicht zur Verf\u00fcgung. Hiervon ausgenommen sind Lehrkr\u00e4fte, die zu den Risikogruppen (<abbr class=\"has-tip tip-bottom\" title=\"\" data-tooltip=\"\" aria-haspopup=\"true\" data-selector=\"tooltip-k8vefk1c5\" aria-describedby=\"tooltip-k8vefk1c5\">z.B.<\/abbr> ab einem Alter von 60 Jahren oder bei Vorliegen relevanter Grunderkrankungen <abbr class=\"has-tip tip-bottom\" title=\"\" data-tooltip=\"\" aria-haspopup=\"true\" data-selector=\"tooltip-k8vefk1c6\" aria-describedby=\"tooltip-k8vefk1c6\">usw.<\/abbr>) z\u00e4hlen.<\/li>\n<\/ul>\n<p>Ministerin Prien: <q>\u201eDie Schulleiterinnen und Schulleiter stellen vor Ort sicher, dass diese Handlungsempfehlungen umgesetzt werden. Die Schulaufsicht und die \u00f6rtlichen Gesundheitsbeh\u00f6rden werden bei Fragen selbstverst\u00e4ndlich unterst\u00fctzen.\u201c<\/q><\/p>\n<h3 class=\"\"><strong>\u00dcbersicht der Pr\u00fcfungstermine<\/strong><\/h3>\n<p>Nach den Pr\u00fcfungsterminen f\u00fcr das Abitur stehen jetzt auch die Termine f\u00fcr den Ersten allgemeinbildenden Schulabschluss (ESA) und Mittlerer Schulabschluss (MSA) fest. Die Pr\u00fcfungen in den Kernf\u00e4chern werden ab dem 11. Mai beginnen. Bildungsministerin Prien: \u201eWir wollen den Sch\u00fclerinnen und Sch\u00fclern die Zeit geben, die sie brauchen, um sich mit ihren Lehrkr\u00e4ften auf diese Pr\u00fcfungen vorzubereiten. Deshalb starten die Schulen ihre Vorbereitung der Sch\u00fclerinnen und Sch\u00fcler der Jahrgangsstufen 9 und 10 ab dem 22. April.\u201c Die Vorbereitungen an den Gemeinschaftsschulen finden immer an den Tagen statt, an denen keine Pr\u00fcfungen sind.<strong>\u00a0<\/strong><\/p>\n<h4 class=\"\">Abiturpr\u00fcfungen an Gymnasien, Gemeinschaftsschulen mit Oberstufe, Freien Waldorfschulen und nicht staatlich anerkannten Ersatzschulen:<\/h4>\n<p>Termine der schriftlichen Abiturpr\u00fcfungen:<\/p>\n<p>Dienstag, 21. April: Profilf\u00e4cher (neuer Termin)<\/p>\n<p>Freitag, 24. April: Kernfach-Fremdsprachen (au\u00dfer Franz\u00f6sisch)<\/p>\n<p>Dienstag, 28. April: Kernfach Franz\u00f6sisch<\/p>\n<p>Donnerstag, 30. April: Kernfach Deutsch<\/p>\n<p>Dienstag, 5. Mai: Kernfach Mathematik<\/p>\n<p>1.- 28. Mai: Sprechpr\u00fcfungen Englisch (neuer Termin)<\/p>\n<h4 class=\"\">Erster allgemeinbildender Schulabschluss (ESA)\/Mittlerer Schulabschluss (MSA) an Gemeinschaftsschulen, F\u00f6rderzentren, Freien Waldorfschulen und staatlich anerkannten Ersatzschulen:<\/h4>\n<p>Termine der schriftlichen Pr\u00fcfungen:<\/p>\n<p>Montag,11. Mai: ESA Deutsch, MSA Englisch<\/p>\n<p>Dienstag, 12. Mai: ESA Mathematik, MSA Deutsch<\/p>\n<p>Donnerstag, 14. Mai: ESA Englisch, MSA Mathematik<\/p>\n<p>Die m\u00fcndlichen Pr\u00fcfungen beginnen ab dem 11. Juni.<\/p>\n<h4 class=\"\">Abschlusspr\u00fcfungen an Berufsbildenden Schulen Abiturpr\u00fcfungen an den beruflichen Gymnasien:<\/h4>\n<p>Dienstag, 21. April: Deutsch<\/p>\n<p>Freitag, 24. April: Mathematik<\/p>\n<p>Montag\/Dienstag, 27.\/28. April: Fachrichtungsbezogenes Pr\u00fcfungsfach<\/p>\n<p>Donnerstag, 30. April: Englisch<\/p>\n<p>Die m\u00fcndlichen Pr\u00fcfungen finden vom 15. bis 26. Juni statt.<\/p>\n<p>Wer aus Krankheits- oder Quarant\u00e4negr\u00fcnden nicht zur Pr\u00fcfung antreten k\u00f6nne, m\u00fcsse sich aber keiner Sorgen machen. <q>\u201eWie in jedem Jahr haben wir auch in dieser au\u00dfergew\u00f6hnlichen Situation entsprechende Nachschreibetermine eingeplant\u201c<\/q>, erl\u00e4uterte Bildungsministerin Prien.<\/p>\n","protected":false},"excerpt":{"rendered":"<p>Kiel (pm). Das Kabinett ist in seiner Sitzung am 8. April dem Vorschlag von Bildungsministerin Karin Prien zur Durchf\u00fchrung der Abschlusspr\u00fcfungen in diesem Schuljahr gefolgt. &#8222;Wir schaffen mit den nun festgelegten Regeln einen Rahmen, in dem aus heutiger Sicht die Abschlusspr\u00fcfungen stattfinden k\u00f6nnen&#8220;, so Prien. Die Ausbreitung des Coronavirus zu verlangsamen habe weiterhin h\u00f6chste Priorit\u00e4t. [&hellip;]<\/p>\n","protected":false},"author":2,"featured_media":22251,"comment_status":"open","ping_status":"closed","sticky":false,"template":"","format":"video","meta":{"jnews-multi-image_gallery":[],"jnews_single_post":[],"jnews_primary_category":[],"jnews_social_meta":[],"jnews_override_counter":[],"jnews_post_split":[],"footnotes":""},"categories":[74],"tags":[2707,2706,2630],"class_list":["post-22248","post","type-post","status-publish","format-video","has-post-thumbnail","hentry","category-jugend-direkt","tag-abi-2020","tag-abitur","tag-corona","post_format-post-format-video"],"_links":{"self":[{"href":"https:\/\/herzogtum-direkt.de\/index.php\/wp-json\/wp\/v2\/posts\/22248","targetHints":{"allow":["GET"]}}],"collection":[{"href":"https:\/\/herzogtum-direkt.de\/index.php\/wp-json\/wp\/v2\/posts"}],"about":[{"href":"https:\/\/herzogtum-direkt.de\/index.php\/wp-json\/wp\/v2\/types\/post"}],"author":[{"embeddable":true,"href":"https:\/\/herzogtum-direkt.de\/index.php\/wp-json\/wp\/v2\/users\/2"}],"replies":[{"embeddable":true,"href":"https:\/\/herzogtum-direkt.de\/index.php\/wp-json\/wp\/v2\/comments?post=22248"}],"version-history":[{"count":1,"href":"https:\/\/herzogtum-direkt.de\/index.php\/wp-json\/wp\/v2\/posts\/22248\/revisions"}],"predecessor-version":[{"id":22249,"href":"https:\/\/herzogtum-direkt.de\/index.php\/wp-json\/wp\/v2\/posts\/22248\/revisions\/22249"}],"wp:featuredmedia":[{"embeddable":true,"href":"https:\/\/herzogtum-direkt.de\/index.php\/wp-json\/wp\/v2\/media\/22251"}],"wp:attachment":[{"href":"https:\/\/herzogtum-direkt.de\/index.php\/wp-json\/wp\/v2\/media?parent=22248"}],"wp:term":[{"taxonomy":"category","embeddable":true,"href":"https:\/\/herzogtum-direkt.de\/index.php\/wp-json\/wp\/v2\/categories?post=22248"},{"taxonomy":"post_tag","embeddable":true,"href":"https:\/\/herzogtum-direkt.de\/index.php\/wp-json\/wp\/v2\/tags?post=22248"}],"curies":[{"name":"wp","href":"https:\/\/api.w.org\/{rel}","templated":true}]}}