{"id":22061,"date":"2020-04-03T08:52:50","date_gmt":"2020-04-03T07:52:50","guid":{"rendered":"https:\/\/herzogtum-direkt.de\/?p=22061"},"modified":"2020-04-04T08:41:27","modified_gmt":"2020-04-04T07:41:27","slug":"denkt-um-abitur-2020-ohne-abschlusspruefungen","status":"publish","type":"post","link":"https:\/\/herzogtum-direkt.de\/index.php\/2020\/04\/03\/denkt-um-abitur-2020-ohne-abschlusspruefungen\/","title":{"rendered":"&#8218;Denkt um! &#8211; Abitur 2020 ohne Abschlusspr\u00fcfungen&#8216;"},"content":{"rendered":"<p><strong>Ratzeburg (pm).<\/strong> In einem Brief an Kultusministerin <span class=\"st\">Karin<\/span> Prien und Ministerpr\u00e4sidenten Daniel G\u00fcnther fordern Abiturienten der Lauenburgischen Gelehrtenschule (LG) Ratzeburg die Absage aller Abiturpr\u00fcfungen und anderweitiger Abschlusspr\u00fcfungen angesichts der gro\u00dfen Herausforderungen, vor die die Corona-Krise einen jeden stellt. Die Meinung, dass die diesj\u00e4hrigen Abschlusspr\u00fcfungen abgesagt werden sollen, teilen bereits \u00fcber 130.000 Menschen, die die Petition zweier Hamburger Abiturienten \u201eABI 2020 Umdenken: Durchschnittsabitur\u201c unterzeichnet haben. Auch Karin Prien hatte noch vor einigen Tagen f\u00fcr eine besondere Behandlung des diesj\u00e4hrigen Abiturs pl\u00e4diert.<\/p>\n<p>Das Abitur solle sich demnach zu hundert Prozent durch die Semesternoten der letzen vier<br \/>\nSemester errechnen. In einem neunseitigen Brief, der von zwei bayrischen Abiturienten in \u00e4hnlicher Form verfasst wurde, haben nun auch Abiturienten Ratzeburgs dargelegt, warum das Abhalten der Abiturpr\u00fcfungen 2020 unter vielerlei Hinsicht unfair und unverantwortlich ist. Dabei nehmen sie Bezug auf die Vergleichbarkeit, welche in der Debatte um das Durchschnittsabitur bisher oftmals als Argument f\u00fcr das Abhalten von Pr\u00fcfungen angef\u00fchrt wurde, und weisen auf die ohnehin dem F\u00f6deralismus geschuldeten bundesweiten Unterschiede hin. Auch gebe es in der digitalen Infrastruktur sowohl gravierende Unterschiede zwischen den Schulen als auch in den einzelnen Haushalten. Die Ratzeburger Abiturienten verweisen hierbei auf soziale, finanzielle und geographische Unterschiede, die per se keine Herstellung fairer Pr\u00fcfungs- und Vorbereitungsbedingungen zulassen.<\/p>\n<p>Hinzu komme die psychische Belastung der angehenden Pr\u00fcflinge, die den Folgen der Corona-Krise geschuldet sind. Sch\u00fcler h\u00e4tten unter anderem Angst um Nahestehende, die Mitglieder der Risikogruppe sind, tragen eine besondere Verantwortung, w\u00e4hrend die Eltern arbeiten, oder m\u00fcssten in verschiedenster Form helfen. Zudem hemmten die st\u00e4ndige Unsicherheit bezogen auf die Zukunft der Pr\u00fcflinge und die Frage, ob sie die f\u00fcr den 21. April festgelegten Abiturpr\u00fcfungen tats\u00e4chlich wahrnehmen k\u00f6nnen, die Aufnahmef\u00e4higkeit der Sch\u00fcler.<\/p>\n<p>In jedweder Form der Abhaltung der Abiturpr\u00fcfungen zu dieser Zeit bliebe zudem das erh\u00f6hte<br \/>\nInfektionsrisiko bestehen. Die reale Infektionsgefahr und das Bewusstsein dar\u00fcber w\u00fcrde die<br \/>\nPr\u00fcflinge in unvergleichbarer Form in ihren Leistungen einschr\u00e4nken.<\/p>\n<p>In dem Brief, der Unterst\u00fctzung von der Landessch\u00fclervertretung der Gymnasien Schleswig-<br \/>\nHolsteins findet und dem sich Abiturienten unter anderem aus M\u00f6lln, L\u00fcbeck, Fehmarn und St. Peter-Ording angeschlossen haben, sind L\u00f6sungswege angef\u00fchrt, die beispielsweise die besondere Gewichtung der abiturrelevanten F\u00e4cher in Betracht ziehen. Ob die Forderungen und Argumente der Schleswig\u2014Holsteinischen Abiturienten von dem Kultusministerium ernst genommen werden und ihnen in Form einer Reaktion seitens der Ministerin Beachtung geschenkt wird, bleibe abzuwarten.<\/p>\n<p>Den kompletten Brief als pdf finden Sie <a href=\"https:\/\/herzogtum-direkt.de\/wp-content\/uploads\/2020\/04\/Abitur-2020-Umdenken.pdf\" target=\"_blank\" rel=\"noopener noreferrer\"><strong>hier<\/strong><\/a>.<\/p>\n","protected":false},"excerpt":{"rendered":"<p>Ratzeburg (pm). In einem Brief an Kultusministerin Karin Prien und Ministerpr\u00e4sidenten Daniel G\u00fcnther fordern Abiturienten der Lauenburgischen Gelehrtenschule (LG) Ratzeburg die Absage aller Abiturpr\u00fcfungen und anderweitiger Abschlusspr\u00fcfungen angesichts der gro\u00dfen Herausforderungen, vor die die Corona-Krise einen jeden stellt. Die Meinung, dass die diesj\u00e4hrigen Abschlusspr\u00fcfungen abgesagt werden sollen, teilen bereits \u00fcber 130.000 Menschen, die die Petition [&hellip;]<\/p>\n","protected":false},"author":2,"featured_media":19331,"comment_status":"open","ping_status":"closed","sticky":false,"template":"","format":"standard","meta":{"jnews-multi-image_gallery":[],"jnews_single_post":[],"jnews_primary_category":[],"jnews_social_meta":[],"jnews_override_counter":[],"jnews_post_split":[],"footnotes":""},"categories":[63,74,66,64,2],"tags":[2707,2706,971],"class_list":["post-22061","post","type-post","status-publish","format-standard","has-post-thumbnail","hentry","category-herzogtum-lauenburg","category-jugend-direkt","category-moelln","category-ratzeburg","category-startseite","tag-abi-2020","tag-abitur","tag-lauenburgische-gelehrtenschule"],"_links":{"self":[{"href":"https:\/\/herzogtum-direkt.de\/index.php\/wp-json\/wp\/v2\/posts\/22061","targetHints":{"allow":["GET"]}}],"collection":[{"href":"https:\/\/herzogtum-direkt.de\/index.php\/wp-json\/wp\/v2\/posts"}],"about":[{"href":"https:\/\/herzogtum-direkt.de\/index.php\/wp-json\/wp\/v2\/types\/post"}],"author":[{"embeddable":true,"href":"https:\/\/herzogtum-direkt.de\/index.php\/wp-json\/wp\/v2\/users\/2"}],"replies":[{"embeddable":true,"href":"https:\/\/herzogtum-direkt.de\/index.php\/wp-json\/wp\/v2\/comments?post=22061"}],"version-history":[{"count":2,"href":"https:\/\/herzogtum-direkt.de\/index.php\/wp-json\/wp\/v2\/posts\/22061\/revisions"}],"predecessor-version":[{"id":22064,"href":"https:\/\/herzogtum-direkt.de\/index.php\/wp-json\/wp\/v2\/posts\/22061\/revisions\/22064"}],"wp:featuredmedia":[{"embeddable":true,"href":"https:\/\/herzogtum-direkt.de\/index.php\/wp-json\/wp\/v2\/media\/19331"}],"wp:attachment":[{"href":"https:\/\/herzogtum-direkt.de\/index.php\/wp-json\/wp\/v2\/media?parent=22061"}],"wp:term":[{"taxonomy":"category","embeddable":true,"href":"https:\/\/herzogtum-direkt.de\/index.php\/wp-json\/wp\/v2\/categories?post=22061"},{"taxonomy":"post_tag","embeddable":true,"href":"https:\/\/herzogtum-direkt.de\/index.php\/wp-json\/wp\/v2\/tags?post=22061"}],"curies":[{"name":"wp","href":"https:\/\/api.w.org\/{rel}","templated":true}]}}