{"id":21854,"date":"2020-03-26T12:07:05","date_gmt":"2020-03-26T11:07:05","guid":{"rendered":"https:\/\/herzogtum-direkt.de\/?p=21854"},"modified":"2020-03-26T12:07:05","modified_gmt":"2020-03-26T11:07:05","slug":"stadtbuecherei-moelln-geschlossen","status":"publish","type":"post","link":"https:\/\/herzogtum-direkt.de\/index.php\/2020\/03\/26\/stadtbuecherei-moelln-geschlossen\/","title":{"rendered":"Stadtb\u00fccherei M\u00f6lln geschlossen"},"content":{"rendered":"<p><strong>M\u00f6lln (pm).<\/strong> Die Stadtb\u00fccherei M\u00f6lln ist aufgrund der aktuellen Corona-Pandemie bis auf Weiteres geschlossen. Alle Medien werden automatisch verl\u00e4ngert und k\u00f6nnen zu einem sp\u00e4teren Zeitpunkt abgegeben werden.<\/p>\n","protected":false},"excerpt":{"rendered":"<p>M\u00f6lln (pm). Die Stadtb\u00fccherei M\u00f6lln ist aufgrund der aktuellen Corona-Pandemie bis auf Weiteres geschlossen. Alle Medien werden automatisch verl\u00e4ngert und k\u00f6nnen zu einem sp\u00e4teren Zeitpunkt abgegeben werden.<\/p>\n","protected":false},"author":2,"featured_media":21431,"comment_status":"open","ping_status":"closed","sticky":false,"template":"","format":"standard","meta":{"jnews-multi-image_gallery":[],"jnews_single_post":[],"jnews_primary_category":[],"jnews_social_meta":[],"jnews_override_counter":[],"jnews_post_split":[],"footnotes":""},"categories":[66],"tags":[133],"class_list":["post-21854","post","type-post","status-publish","format-standard","has-post-thumbnail","hentry","category-moelln","tag-moelln"],"_links":{"self":[{"href":"https:\/\/herzogtum-direkt.de\/index.php\/wp-json\/wp\/v2\/posts\/21854","targetHints":{"allow":["GET"]}}],"collection":[{"href":"https:\/\/herzogtum-direkt.de\/index.php\/wp-json\/wp\/v2\/posts"}],"about":[{"href":"https:\/\/herzogtum-direkt.de\/index.php\/wp-json\/wp\/v2\/types\/post"}],"author":[{"embeddable":true,"href":"https:\/\/herzogtum-direkt.de\/index.php\/wp-json\/wp\/v2\/users\/2"}],"replies":[{"embeddable":true,"href":"https:\/\/herzogtum-direkt.de\/index.php\/wp-json\/wp\/v2\/comments?post=21854"}],"version-history":[{"count":1,"href":"https:\/\/herzogtum-direkt.de\/index.php\/wp-json\/wp\/v2\/posts\/21854\/revisions"}],"predecessor-version":[{"id":21855,"href":"https:\/\/herzogtum-direkt.de\/index.php\/wp-json\/wp\/v2\/posts\/21854\/revisions\/21855"}],"wp:featuredmedia":[{"embeddable":true,"href":"https:\/\/herzogtum-direkt.de\/index.php\/wp-json\/wp\/v2\/media\/21431"}],"wp:attachment":[{"href":"https:\/\/herzogtum-direkt.de\/index.php\/wp-json\/wp\/v2\/media?parent=21854"}],"wp:term":[{"taxonomy":"category","embeddable":true,"href":"https:\/\/herzogtum-direkt.de\/index.php\/wp-json\/wp\/v2\/categories?post=21854"},{"taxonomy":"post_tag","embeddable":true,"href":"https:\/\/herzogtum-direkt.de\/index.php\/wp-json\/wp\/v2\/tags?post=21854"}],"curies":[{"name":"wp","href":"https:\/\/api.w.org\/{rel}","templated":true}]}}