{"id":21835,"date":"2020-03-26T09:14:35","date_gmt":"2020-03-26T08:14:35","guid":{"rendered":"https:\/\/herzogtum-direkt.de\/?p=21835"},"modified":"2020-03-27T10:00:23","modified_gmt":"2020-03-27T09:00:23","slug":"drk-krankenhaus-baut-intensivbetten-aus","status":"publish","type":"post","link":"https:\/\/herzogtum-direkt.de\/index.php\/2020\/03\/26\/drk-krankenhaus-baut-intensivbetten-aus\/","title":{"rendered":"DRK-Krankenhaus baut Intensivbetten aus"},"content":{"rendered":"<p><strong>Ratzeburg (pm).<\/strong> Das DRK-Krankenhaus M\u00f6lln-Ratzeburg wird seine Kapazit\u00e4ten von derzeit zehn Intensivbetten erh\u00f6hen. Seit Montag, 23. M\u00e4rz, ist die Station 2 geschlossen, um sie als Isolierstation vorhalten zu k\u00f6nnen. Ein Teil davon wird als zus\u00e4tzliche Intensivstation mit sieben Intensivbetten ausgebaut.<\/p>\n<p>\u201eWir tun alles daf\u00fcr, um das Optimale auszusch\u00f6pfen\u201c, sagt der \u00c4rztliche Direktor Dr. Andreas Schmid. Zus\u00e4tzlich wurden vier Beatmungsger\u00e4te geordert.\u00a0 Die Deutsche Interdisziplin\u00e4re Vereinigung f\u00fcr Intensiv- und Notfallmedizin (DIVI), das Robert Koch-Institut (RKI) und die Deutsche Krankenhausgesellschaft (DKG) haben eine gemeinsame Internetplattform bereitgestellt, um alle freie Beatmungspl\u00e4tze in allen Kliniken Deutschlands registrieren und abfragen zu k\u00f6nnen.<\/p>\n<p>\u201eIn den Krankenh\u00e4usern ist mit einem steigenden Bedarf an Intensiv- und Beatmungskapazit\u00e4ten zur Behandlung von Patienten mit schweren Atemwegserkrankungen zu rechnen. Deshalb ist es wichtig, dass die DIVI und die DKG unterst\u00fctzt werden durch das RKI, die Kapazit\u00e4ten der Intensivbetten digital erfassen und so eine bessere Koordinierung zu erm\u00f6glichen\u201c, sagt Professor Lothar H. Wieler, Pr\u00e4sident des Robert Koch-Institutes.<\/p>\n","protected":false},"excerpt":{"rendered":"<p>Ratzeburg (pm). Das DRK-Krankenhaus M\u00f6lln-Ratzeburg wird seine Kapazit\u00e4ten von derzeit zehn Intensivbetten erh\u00f6hen. Seit Montag, 23. M\u00e4rz, ist die Station 2 geschlossen, um sie als Isolierstation vorhalten zu k\u00f6nnen. Ein Teil davon wird als zus\u00e4tzliche Intensivstation mit sieben Intensivbetten ausgebaut. \u201eWir tun alles daf\u00fcr, um das Optimale auszusch\u00f6pfen\u201c, sagt der \u00c4rztliche Direktor Dr. Andreas Schmid. [&hellip;]<\/p>\n","protected":false},"author":2,"featured_media":21836,"comment_status":"open","ping_status":"closed","sticky":false,"template":"","format":"standard","meta":{"jnews-multi-image_gallery":[],"jnews_single_post":[],"jnews_primary_category":[],"jnews_social_meta":[],"jnews_override_counter":[],"jnews_post_split":[],"footnotes":""},"categories":[75,2],"tags":[2630,2666,1649],"class_list":["post-21835","post","type-post","status-publish","format-standard","has-post-thumbnail","hentry","category-gesundheit","category-startseite","tag-corona","tag-covid-19","tag-drk-krankenhaus"],"_links":{"self":[{"href":"https:\/\/herzogtum-direkt.de\/index.php\/wp-json\/wp\/v2\/posts\/21835","targetHints":{"allow":["GET"]}}],"collection":[{"href":"https:\/\/herzogtum-direkt.de\/index.php\/wp-json\/wp\/v2\/posts"}],"about":[{"href":"https:\/\/herzogtum-direkt.de\/index.php\/wp-json\/wp\/v2\/types\/post"}],"author":[{"embeddable":true,"href":"https:\/\/herzogtum-direkt.de\/index.php\/wp-json\/wp\/v2\/users\/2"}],"replies":[{"embeddable":true,"href":"https:\/\/herzogtum-direkt.de\/index.php\/wp-json\/wp\/v2\/comments?post=21835"}],"version-history":[{"count":1,"href":"https:\/\/herzogtum-direkt.de\/index.php\/wp-json\/wp\/v2\/posts\/21835\/revisions"}],"predecessor-version":[{"id":21837,"href":"https:\/\/herzogtum-direkt.de\/index.php\/wp-json\/wp\/v2\/posts\/21835\/revisions\/21837"}],"wp:featuredmedia":[{"embeddable":true,"href":"https:\/\/herzogtum-direkt.de\/index.php\/wp-json\/wp\/v2\/media\/21836"}],"wp:attachment":[{"href":"https:\/\/herzogtum-direkt.de\/index.php\/wp-json\/wp\/v2\/media?parent=21835"}],"wp:term":[{"taxonomy":"category","embeddable":true,"href":"https:\/\/herzogtum-direkt.de\/index.php\/wp-json\/wp\/v2\/categories?post=21835"},{"taxonomy":"post_tag","embeddable":true,"href":"https:\/\/herzogtum-direkt.de\/index.php\/wp-json\/wp\/v2\/tags?post=21835"}],"curies":[{"name":"wp","href":"https:\/\/api.w.org\/{rel}","templated":true}]}}