{"id":21758,"date":"2020-03-22T09:40:39","date_gmt":"2020-03-22T08:40:39","guid":{"rendered":"https:\/\/herzogtum-direkt.de\/?p=21758"},"modified":"2020-03-22T09:40:39","modified_gmt":"2020-03-22T08:40:39","slug":"kulturzeit-aus-ratzeburg-beethoven-leben-und-werk","status":"publish","type":"post","link":"https:\/\/herzogtum-direkt.de\/index.php\/2020\/03\/22\/kulturzeit-aus-ratzeburg-beethoven-leben-und-werk\/","title":{"rendered":"Kulturzeit aus Ratzeburg: Beethoven &#8211; Leben und Werk"},"content":{"rendered":"<p><strong>Ratzeburg (pm).<\/strong> Anl\u00e4sslich des 250.Geburtstages wiederholt die Kulturzeit aus Ratzeburg im Offenen Kanal L\u00fcbeck am Sonntag, 22. M\u00e4rz, um 17 Uhr die Sendung \u00fcber Leben und Schaffen Beethovens. Das textliche Niveau ist so gehalten, dass es auch f\u00fcr j\u00fcngere interessierte H\u00f6rer geeignet ist.<\/p>\n<p>Eine weitere Wiederholung ist f\u00fcr Dienstag, 24. M\u00e4rz, um 9 Uhr vormittags geplant.<br \/>\nZu empfangen sind die Sendungen auf der Frequenz 98,8 Megahertz und als Direktsendung im Internet unter <a href=\"http:\/\/www.okluebeck.de\" target=\"_blank\" rel=\"noopener noreferrer\">www.okluebeck.de<\/a>.<\/p>\n","protected":false},"excerpt":{"rendered":"<p>Ratzeburg (pm). Anl\u00e4sslich des 250.Geburtstages wiederholt die Kulturzeit aus Ratzeburg im Offenen Kanal L\u00fcbeck am Sonntag, 22. M\u00e4rz, um 17 Uhr die Sendung \u00fcber Leben und Schaffen Beethovens. Das textliche Niveau ist so gehalten, dass es auch f\u00fcr j\u00fcngere interessierte H\u00f6rer geeignet ist. Eine weitere Wiederholung ist f\u00fcr Dienstag, 24. M\u00e4rz, um 9 Uhr vormittags [&hellip;]<\/p>\n","protected":false},"author":2,"featured_media":1386,"comment_status":"open","ping_status":"closed","sticky":false,"template":"","format":"standard","meta":{"jnews-multi-image_gallery":[],"jnews_single_post":[],"jnews_primary_category":[],"jnews_social_meta":[],"jnews_override_counter":[],"jnews_post_split":[],"footnotes":""},"categories":[70],"tags":[625],"class_list":["post-21758","post","type-post","status-publish","format-standard","has-post-thumbnail","hentry","category-kultur","tag-kulturzeit-aus-ratzeburg"],"_links":{"self":[{"href":"https:\/\/herzogtum-direkt.de\/index.php\/wp-json\/wp\/v2\/posts\/21758","targetHints":{"allow":["GET"]}}],"collection":[{"href":"https:\/\/herzogtum-direkt.de\/index.php\/wp-json\/wp\/v2\/posts"}],"about":[{"href":"https:\/\/herzogtum-direkt.de\/index.php\/wp-json\/wp\/v2\/types\/post"}],"author":[{"embeddable":true,"href":"https:\/\/herzogtum-direkt.de\/index.php\/wp-json\/wp\/v2\/users\/2"}],"replies":[{"embeddable":true,"href":"https:\/\/herzogtum-direkt.de\/index.php\/wp-json\/wp\/v2\/comments?post=21758"}],"version-history":[{"count":1,"href":"https:\/\/herzogtum-direkt.de\/index.php\/wp-json\/wp\/v2\/posts\/21758\/revisions"}],"predecessor-version":[{"id":21759,"href":"https:\/\/herzogtum-direkt.de\/index.php\/wp-json\/wp\/v2\/posts\/21758\/revisions\/21759"}],"wp:featuredmedia":[{"embeddable":true,"href":"https:\/\/herzogtum-direkt.de\/index.php\/wp-json\/wp\/v2\/media\/1386"}],"wp:attachment":[{"href":"https:\/\/herzogtum-direkt.de\/index.php\/wp-json\/wp\/v2\/media?parent=21758"}],"wp:term":[{"taxonomy":"category","embeddable":true,"href":"https:\/\/herzogtum-direkt.de\/index.php\/wp-json\/wp\/v2\/categories?post=21758"},{"taxonomy":"post_tag","embeddable":true,"href":"https:\/\/herzogtum-direkt.de\/index.php\/wp-json\/wp\/v2\/tags?post=21758"}],"curies":[{"name":"wp","href":"https:\/\/api.w.org\/{rel}","templated":true}]}}