{"id":21574,"date":"2020-03-16T09:25:15","date_gmt":"2020-03-16T08:25:15","guid":{"rendered":"https:\/\/herzogtum-direkt.de\/?p=21574"},"modified":"2020-03-16T09:25:15","modified_gmt":"2020-03-16T08:25:15","slug":"jugendfeuerwehr-schiphorst-jahresrueckblick-2019","status":"publish","type":"post","link":"https:\/\/herzogtum-direkt.de\/index.php\/2020\/03\/16\/jugendfeuerwehr-schiphorst-jahresrueckblick-2019\/","title":{"rendered":"Jugendfeuerwehr Schiphorst \u2013 Jahresr\u00fcckblick 2019"},"content":{"rendered":"<p><strong>Schiphorst (pm).<\/strong> Die Jugendfeuerwehr Schiphorst gibt es nun schon seit 19 Jahren, also wurde nun die 19. Jugendversammlung durchgef\u00fchrt. In Anwesenheit zahlreicher G\u00e4ste wurde unter anderem ein R\u00fcckblick der vierzehn aktiven Jugendlichen, die aus Schiphorst, Steinhorst, Labenz und Sandesneben kommen, auf das Berichtsjahr gegeben.<\/p>\n<p>Man kommt alle vierzehn Tage zu \u00dcbungsnachmittagen zusammen und hat des Weiteren einen Feuerwehrwurstverkauf in Sandesneben, das Tannenbaumeinsammeln und Verbrennen, eine 24 Stunden Tag- und Nach\u00fcbung durchgef\u00fchrt. Ein besonderer H\u00f6hepunkt war das Sommerzeltlager auf der Insel R\u00fcgen. In jedem Jahr haben die Jugendlichen einen Feuerwehrwissenstest zu absolvieret, der von ihrem Betreuer Thore Strampfer von der Steinhorster Wehr ausgearbeitet wird. Pokalsieger war Fin Thielsen. Nach einj\u00e4hriger Probezeit wurden Lukas Funk, Finn Schwemer und Duncan Stender in die Jugendwehr aufgenommen. Ihr Probejahr beginnt Hedda Burmester.<\/p>\n<p>Dem neu gew\u00e4hlten Jugendwart der Schiphorster Feuerwehr Christian Schmidt steht der ebenfalls neu gew\u00e4hlte Jugendgruppenvorstand in folgender Zusammensetzung zur Seite: Conner- Lion Schmidt (Jugendgruppenleiter), Tom Wulf (Kassenwart), Finn Schwemer (Schriftf\u00fchrer) und Anika Petersen (Gruppenf\u00fchrerin).<\/p>\n","protected":false},"excerpt":{"rendered":"<p>Schiphorst (pm). Die Jugendfeuerwehr Schiphorst gibt es nun schon seit 19 Jahren, also wurde nun die 19. Jugendversammlung durchgef\u00fchrt. In Anwesenheit zahlreicher G\u00e4ste wurde unter anderem ein R\u00fcckblick der vierzehn aktiven Jugendlichen, die aus Schiphorst, Steinhorst, Labenz und Sandesneben kommen, auf das Berichtsjahr gegeben. Man kommt alle vierzehn Tage zu \u00dcbungsnachmittagen zusammen und hat des [&hellip;]<\/p>\n","protected":false},"author":2,"featured_media":21575,"comment_status":"open","ping_status":"closed","sticky":false,"template":"","format":"standard","meta":{"jnews-multi-image_gallery":[],"jnews_single_post":[],"jnews_primary_category":[],"jnews_social_meta":[],"jnews_override_counter":[],"jnews_post_split":[],"footnotes":""},"categories":[67,63],"tags":[2678,686],"class_list":["post-21574","post","type-post","status-publish","format-standard","has-post-thumbnail","hentry","category-amt-sandesneben-nusse","category-herzogtum-lauenburg","tag-jugendfeuerwehr-schiphorst","tag-schiphorst"],"_links":{"self":[{"href":"https:\/\/herzogtum-direkt.de\/index.php\/wp-json\/wp\/v2\/posts\/21574","targetHints":{"allow":["GET"]}}],"collection":[{"href":"https:\/\/herzogtum-direkt.de\/index.php\/wp-json\/wp\/v2\/posts"}],"about":[{"href":"https:\/\/herzogtum-direkt.de\/index.php\/wp-json\/wp\/v2\/types\/post"}],"author":[{"embeddable":true,"href":"https:\/\/herzogtum-direkt.de\/index.php\/wp-json\/wp\/v2\/users\/2"}],"replies":[{"embeddable":true,"href":"https:\/\/herzogtum-direkt.de\/index.php\/wp-json\/wp\/v2\/comments?post=21574"}],"version-history":[{"count":1,"href":"https:\/\/herzogtum-direkt.de\/index.php\/wp-json\/wp\/v2\/posts\/21574\/revisions"}],"predecessor-version":[{"id":21576,"href":"https:\/\/herzogtum-direkt.de\/index.php\/wp-json\/wp\/v2\/posts\/21574\/revisions\/21576"}],"wp:featuredmedia":[{"embeddable":true,"href":"https:\/\/herzogtum-direkt.de\/index.php\/wp-json\/wp\/v2\/media\/21575"}],"wp:attachment":[{"href":"https:\/\/herzogtum-direkt.de\/index.php\/wp-json\/wp\/v2\/media?parent=21574"}],"wp:term":[{"taxonomy":"category","embeddable":true,"href":"https:\/\/herzogtum-direkt.de\/index.php\/wp-json\/wp\/v2\/categories?post=21574"},{"taxonomy":"post_tag","embeddable":true,"href":"https:\/\/herzogtum-direkt.de\/index.php\/wp-json\/wp\/v2\/tags?post=21574"}],"curies":[{"name":"wp","href":"https:\/\/api.w.org\/{rel}","templated":true}]}}