{"id":21255,"date":"2020-03-03T10:15:43","date_gmt":"2020-03-03T09:15:43","guid":{"rendered":"https:\/\/herzogtum-direkt.de\/?p=21255"},"modified":"2020-03-03T10:15:43","modified_gmt":"2020-03-03T09:15:43","slug":"die-schaalsee-landjugend-startet-ins-5-jahr","status":"publish","type":"post","link":"https:\/\/herzogtum-direkt.de\/index.php\/2020\/03\/03\/die-schaalsee-landjugend-startet-ins-5-jahr\/","title":{"rendered":"Die Schaalsee Landjugend startet ins 5. Jahr"},"content":{"rendered":"<p><strong>Sterley (pm).<\/strong> Mit der Jahreshauptversammlung am 15. Februar 2020 im Kulturzentrum in Sterley ist die Schaalsee Landjugend mit 82 Teilnehmern in ein neues Jahr gestartet. Auf dem Tagesplan der Versammlung standen neben der Neuwahl des Vorstandes auch ein R\u00fcckblick auf das vergangene sowie ein Ausblick auf das kommende Jahr.<\/p>\n<p>Veranstaltungen wie die Gr\u00fcndungsfete, das Open-Air oder der Herbstball waren wieder volle Erfolge gewesen. Und auch in diesem Jahr wird es wieder allerlei Ereignisse, wie zum Beispiel eine Kiez-Tour mit der Landjugend Breitenfelde, die Karfreitags-Fortbildung und nat\u00fcrlich auch wieder das Open-Air geben. Au\u00dferdem sind selbstverst\u00e4ndlich auch wieder die Fahrt nach Fehmarn, eine Fahrt ins Blaue und ein Tanzkurs geplant.<\/p>\n<p>Um all dieses zu erm\u00f6glichen legt sich der neu gew\u00e4hlte Vorstand mit vielen alten Gesichtern ins Zeug: Wiedergew\u00e4hlt wurden die 1. Vorsitzenden Lea Ulrich und Nikolai Arndt sowie die 2. Vorsitzenden Insa Koch und Jannik Arndt. Neu dabei ist der 3. Vorsitzende Lasse Wulff mit Merle Beckmann und Bianca Burmester im Kassenwart-Team mit dem wiedergew\u00e4hlten Ferdinand Meincke. Erneut best\u00e4tigt wurden auch Fenja Koch als Schriftwartin und Christopher Re\u00dfmann als Fetenwart. Das Sport- und Getr\u00e4nkewart-Team steht in neuer Kombination mit Niklas M\u00fcther und Finn Thorhauer f\u00fcr ein neues Landjugend-Jahr bereit.<\/p>\n<p>Wer Lust oder Interesse an der Landjugend hat kann sich auf der entsprechenden Facebook- oder Instagram-Seiter informieren. Dort werden alle wichtigen Informationen f\u00fcr die Mitglieder ver\u00f6ffentlicht.<\/p>\n","protected":false},"excerpt":{"rendered":"<p>Sterley (pm). Mit der Jahreshauptversammlung am 15. Februar 2020 im Kulturzentrum in Sterley ist die Schaalsee Landjugend mit 82 Teilnehmern in ein neues Jahr gestartet. Auf dem Tagesplan der Versammlung standen neben der Neuwahl des Vorstandes auch ein R\u00fcckblick auf das vergangene sowie ein Ausblick auf das kommende Jahr. Veranstaltungen wie die Gr\u00fcndungsfete, das Open-Air [&hellip;]<\/p>\n","protected":false},"author":2,"featured_media":21256,"comment_status":"open","ping_status":"closed","sticky":false,"template":"","format":"standard","meta":{"jnews-multi-image_gallery":[],"jnews_single_post":[],"jnews_primary_category":[],"jnews_social_meta":[],"jnews_override_counter":[],"jnews_post_split":[],"footnotes":""},"categories":[69,63,74],"tags":[2667,278],"class_list":["post-21255","post","type-post","status-publish","format-standard","has-post-thumbnail","hentry","category-amt-lauenburgische-seen","category-herzogtum-lauenburg","category-jugend-direkt","tag-schaalsee-landjugend","tag-sterley"],"_links":{"self":[{"href":"https:\/\/herzogtum-direkt.de\/index.php\/wp-json\/wp\/v2\/posts\/21255","targetHints":{"allow":["GET"]}}],"collection":[{"href":"https:\/\/herzogtum-direkt.de\/index.php\/wp-json\/wp\/v2\/posts"}],"about":[{"href":"https:\/\/herzogtum-direkt.de\/index.php\/wp-json\/wp\/v2\/types\/post"}],"author":[{"embeddable":true,"href":"https:\/\/herzogtum-direkt.de\/index.php\/wp-json\/wp\/v2\/users\/2"}],"replies":[{"embeddable":true,"href":"https:\/\/herzogtum-direkt.de\/index.php\/wp-json\/wp\/v2\/comments?post=21255"}],"version-history":[{"count":1,"href":"https:\/\/herzogtum-direkt.de\/index.php\/wp-json\/wp\/v2\/posts\/21255\/revisions"}],"predecessor-version":[{"id":21257,"href":"https:\/\/herzogtum-direkt.de\/index.php\/wp-json\/wp\/v2\/posts\/21255\/revisions\/21257"}],"wp:featuredmedia":[{"embeddable":true,"href":"https:\/\/herzogtum-direkt.de\/index.php\/wp-json\/wp\/v2\/media\/21256"}],"wp:attachment":[{"href":"https:\/\/herzogtum-direkt.de\/index.php\/wp-json\/wp\/v2\/media?parent=21255"}],"wp:term":[{"taxonomy":"category","embeddable":true,"href":"https:\/\/herzogtum-direkt.de\/index.php\/wp-json\/wp\/v2\/categories?post=21255"},{"taxonomy":"post_tag","embeddable":true,"href":"https:\/\/herzogtum-direkt.de\/index.php\/wp-json\/wp\/v2\/tags?post=21255"}],"curies":[{"name":"wp","href":"https:\/\/api.w.org\/{rel}","templated":true}]}}