{"id":21191,"date":"2020-02-29T10:19:46","date_gmt":"2020-02-29T09:19:46","guid":{"rendered":"https:\/\/herzogtum-direkt.de\/?p=21191"},"modified":"2020-02-29T10:19:46","modified_gmt":"2020-02-29T09:19:46","slug":"moellner-archive-stellen-sich-vor","status":"publish","type":"post","link":"https:\/\/herzogtum-direkt.de\/index.php\/2020\/02\/29\/moellner-archive-stellen-sich-vor\/","title":{"rendered":"M\u00f6llner Archive stellen sich vor"},"content":{"rendered":"<p><strong>M\u00f6lln (pm).<\/strong> Am ersten M\u00e4rzwochenende findet der zehnte bundesweite \u201eTag der Archive\u201c statt. Initiator dieses Tages ist der Verband deutscher Archivarinnen und Archivare (VdA). Zahlreiche Archive in ganz Deutschland \u00f6ffnen am 7. und 8. M\u00e4rz ihre T\u00fcren (<a href=\"http:\/\/www.tagderarchive.de\" target=\"_blank\" rel=\"noopener noreferrer\">www.tagderarchive.de<\/a>).<\/p>\n<p>Auch in diesem Jahr beteiligt sich das Stadtarchiv M\u00f6lln an dieser Veranstaltung, die auf die Bedeutung archivischer Arbeit hinweisen m\u00f6chte und sich mit einem attraktiven Programm an die B\u00fcrgerinnen und B\u00fcrger wendet. Vorrangiges Ziel des Tages ist es, \u00fcber die lokalen und regionalen Medien Besucher zu gewinnen und so der breiten \u00d6ffentlichkeit und politischen Entscheidungstr\u00e4gern die Bedeutung der Archive nahe zu bringen.<\/p>\n<p>Das Stadtarchiv M\u00f6lln l\u00e4dt alle Interessierten ein, am Sonnabend, 7. M\u00e4rz 2020, die Aufgaben und Best\u00e4nde des Stadtarchivs und des Fotoarchivs n\u00e4her kennenzulernen. Der \u201eTag der Archive\u201c beginnt um 11 Uhr mit einer kurzen Er\u00f6ffnung im Foyer des Stadthauses (Wasserkr\u00fcger Weg 16). Nach der Begr\u00fc\u00dfung durch B\u00fcrgermeister Jan Wiegels wird Stadtarchivar Christian Lopau inhaltlich in das Programm einf\u00fchren.<\/p>\n<p>Das Motto des \u201eTags der Archive\u201c lautet in diesem Jahr \u201eKommunikation. Von der Depesche zum Tweet\u201c. Auch in M\u00f6lln wird sich das Programm inhaltlich daran orientieren. Es werden F\u00fchrungen durch das Stadtarchiv angeboten und Bilder aus dem Fotoarchiv gezeigt (Stadthaus Raum 214). Die M\u00f6llner Bezirksgruppe des Heimatbund und Geschichtsvereins bietet einen B\u00fcchertisch an.<\/p>\n<p>Alle Beteiligten w\u00fcrden sich sehr freuen, wenn Sie das M\u00f6llner Archiv am \u201eTag der Archive\u201c besuchen und die Gelegenheit nutzen, sich ein Bild von unseren wertvollen Archivbest\u00e4nden und der vielf\u00e4ltigen Arbeit unserer Archiveinrichtungen zu machen.<\/p>\n","protected":false},"excerpt":{"rendered":"<p>M\u00f6lln (pm). Am ersten M\u00e4rzwochenende findet der zehnte bundesweite \u201eTag der Archive\u201c statt. Initiator dieses Tages ist der Verband deutscher Archivarinnen und Archivare (VdA). Zahlreiche Archive in ganz Deutschland \u00f6ffnen am 7. und 8. M\u00e4rz ihre T\u00fcren (www.tagderarchive.de). Auch in diesem Jahr beteiligt sich das Stadtarchiv M\u00f6lln an dieser Veranstaltung, die auf die Bedeutung archivischer [&hellip;]<\/p>\n","protected":false},"author":2,"featured_media":1186,"comment_status":"open","ping_status":"closed","sticky":false,"template":"","format":"standard","meta":{"jnews-multi-image_gallery":[],"jnews_single_post":[],"jnews_primary_category":[],"jnews_social_meta":[],"jnews_override_counter":[],"jnews_post_split":[],"footnotes":""},"categories":[63,66],"tags":[254,2665],"class_list":["post-21191","post","type-post","status-publish","format-standard","has-post-thumbnail","hentry","category-herzogtum-lauenburg","category-moelln","tag-archiv","tag-tag-der-archive"],"_links":{"self":[{"href":"https:\/\/herzogtum-direkt.de\/index.php\/wp-json\/wp\/v2\/posts\/21191","targetHints":{"allow":["GET"]}}],"collection":[{"href":"https:\/\/herzogtum-direkt.de\/index.php\/wp-json\/wp\/v2\/posts"}],"about":[{"href":"https:\/\/herzogtum-direkt.de\/index.php\/wp-json\/wp\/v2\/types\/post"}],"author":[{"embeddable":true,"href":"https:\/\/herzogtum-direkt.de\/index.php\/wp-json\/wp\/v2\/users\/2"}],"replies":[{"embeddable":true,"href":"https:\/\/herzogtum-direkt.de\/index.php\/wp-json\/wp\/v2\/comments?post=21191"}],"version-history":[{"count":1,"href":"https:\/\/herzogtum-direkt.de\/index.php\/wp-json\/wp\/v2\/posts\/21191\/revisions"}],"predecessor-version":[{"id":21192,"href":"https:\/\/herzogtum-direkt.de\/index.php\/wp-json\/wp\/v2\/posts\/21191\/revisions\/21192"}],"wp:featuredmedia":[{"embeddable":true,"href":"https:\/\/herzogtum-direkt.de\/index.php\/wp-json\/wp\/v2\/media\/1186"}],"wp:attachment":[{"href":"https:\/\/herzogtum-direkt.de\/index.php\/wp-json\/wp\/v2\/media?parent=21191"}],"wp:term":[{"taxonomy":"category","embeddable":true,"href":"https:\/\/herzogtum-direkt.de\/index.php\/wp-json\/wp\/v2\/categories?post=21191"},{"taxonomy":"post_tag","embeddable":true,"href":"https:\/\/herzogtum-direkt.de\/index.php\/wp-json\/wp\/v2\/tags?post=21191"}],"curies":[{"name":"wp","href":"https:\/\/api.w.org\/{rel}","templated":true}]}}