{"id":20776,"date":"2020-02-13T06:29:52","date_gmt":"2020-02-13T05:29:52","guid":{"rendered":"https:\/\/herzogtum-direkt.de\/?p=20776"},"modified":"2020-02-12T11:35:21","modified_gmt":"2020-02-12T10:35:21","slug":"umweltschutz-faengt-vor-der-haustuer-an-fruehjahrsputz-in-moelln","status":"publish","type":"post","link":"https:\/\/herzogtum-direkt.de\/index.php\/2020\/02\/13\/umweltschutz-faengt-vor-der-haustuer-an-fruehjahrsputz-in-moelln\/","title":{"rendered":"Umweltschutz f\u00e4ngt vor der Haust\u00fcr an &#8211; Fr\u00fchjahrsputz in M\u00f6lln"},"content":{"rendered":"<p><strong>M\u00f6lln (pm).<\/strong> Unter dem Motto \u201eUnser sauberes Schleswig-Holstein\u201c erfolgten in den letzten Jahren Fr\u00fchjahrssammel- und \u2013putzaktionen in den St\u00e4dten und Gemeinden Schleswig-Holsteins. Auch in diesem Jahr findet die Aktion wieder in M\u00f6lln statt.<\/p>\n<p>Der Termin ist auf Sonnabend, 14. M\u00e4rz 2020, festgesetzt. Alle M\u00f6llner werden gebeten, den Abfall in Stadt und Landschaft einzusammeln.<\/p>\n<p>Die Stadt M\u00f6lln hofft wieder auf Hilfe zur Unterst\u00fctzung dieser Aktion. Viele M\u00f6llner Vereine, Verb\u00e4nde, Gruppen und Betriebe haben die Teilnahme einzelner Mitglieder beziehungsweise Mitarbeiter bereits angek\u00fcndigt.<\/p>\n<p>Zur Vorbereitung und Einteilung m\u00f6glichst vieler Sammelbereiche werden interessierte B\u00fcrger gebeten, sich bis zum 21. Februar 2020 beim Fachbereich Betriebe der Stadt M\u00f6lln unter<br \/>\nder Telefonnummer 04542\/803 345 oder per Email an <a href=\"mailto:sandra.broesicke@stadt-moelln.de\">sandra.broesicke@stadt-moelln.de<\/a><br \/>\nanzumelden.<\/p>\n<p>Zur Belohnung gibt es f\u00fcr alle Teilnehmer eine deftige Suppe und eine Urkunde.<\/p>\n","protected":false},"excerpt":{"rendered":"<p>M\u00f6lln (pm). Unter dem Motto \u201eUnser sauberes Schleswig-Holstein\u201c erfolgten in den letzten Jahren Fr\u00fchjahrssammel- und \u2013putzaktionen in den St\u00e4dten und Gemeinden Schleswig-Holsteins. Auch in diesem Jahr findet die Aktion wieder in M\u00f6lln statt. Der Termin ist auf Sonnabend, 14. M\u00e4rz 2020, festgesetzt. Alle M\u00f6llner werden gebeten, den Abfall in Stadt und Landschaft einzusammeln. Die Stadt [&hellip;]<\/p>\n","protected":false},"author":2,"featured_media":20777,"comment_status":"open","ping_status":"closed","sticky":false,"template":"","format":"standard","meta":{"jnews-multi-image_gallery":[],"jnews_single_post":[],"jnews_primary_category":[],"jnews_social_meta":[],"jnews_override_counter":[],"jnews_post_split":[],"footnotes":""},"categories":[63,66],"tags":[],"class_list":["post-20776","post","type-post","status-publish","format-standard","has-post-thumbnail","hentry","category-herzogtum-lauenburg","category-moelln"],"_links":{"self":[{"href":"https:\/\/herzogtum-direkt.de\/index.php\/wp-json\/wp\/v2\/posts\/20776","targetHints":{"allow":["GET"]}}],"collection":[{"href":"https:\/\/herzogtum-direkt.de\/index.php\/wp-json\/wp\/v2\/posts"}],"about":[{"href":"https:\/\/herzogtum-direkt.de\/index.php\/wp-json\/wp\/v2\/types\/post"}],"author":[{"embeddable":true,"href":"https:\/\/herzogtum-direkt.de\/index.php\/wp-json\/wp\/v2\/users\/2"}],"replies":[{"embeddable":true,"href":"https:\/\/herzogtum-direkt.de\/index.php\/wp-json\/wp\/v2\/comments?post=20776"}],"version-history":[{"count":1,"href":"https:\/\/herzogtum-direkt.de\/index.php\/wp-json\/wp\/v2\/posts\/20776\/revisions"}],"predecessor-version":[{"id":20778,"href":"https:\/\/herzogtum-direkt.de\/index.php\/wp-json\/wp\/v2\/posts\/20776\/revisions\/20778"}],"wp:featuredmedia":[{"embeddable":true,"href":"https:\/\/herzogtum-direkt.de\/index.php\/wp-json\/wp\/v2\/media\/20777"}],"wp:attachment":[{"href":"https:\/\/herzogtum-direkt.de\/index.php\/wp-json\/wp\/v2\/media?parent=20776"}],"wp:term":[{"taxonomy":"category","embeddable":true,"href":"https:\/\/herzogtum-direkt.de\/index.php\/wp-json\/wp\/v2\/categories?post=20776"},{"taxonomy":"post_tag","embeddable":true,"href":"https:\/\/herzogtum-direkt.de\/index.php\/wp-json\/wp\/v2\/tags?post=20776"}],"curies":[{"name":"wp","href":"https:\/\/api.w.org\/{rel}","templated":true}]}}