{"id":20537,"date":"2020-02-01T10:58:20","date_gmt":"2020-02-01T09:58:20","guid":{"rendered":"https:\/\/herzogtum-direkt.de\/?p=20537"},"modified":"2020-02-01T10:58:20","modified_gmt":"2020-02-01T09:58:20","slug":"ratzeburg-informationsveranstaltung-zum-buergerbus","status":"publish","type":"post","link":"https:\/\/herzogtum-direkt.de\/index.php\/2020\/02\/01\/ratzeburg-informationsveranstaltung-zum-buergerbus\/","title":{"rendered":"Ratzeburg: Informationsveranstaltung zum &#8218;B\u00fcrgerbus&#8216;"},"content":{"rendered":"<p><strong>Ratzeburg (pm).<\/strong> Die Mitglieder des Seniorenbeirates der Stadt Ratzeburg laden zu einer \u00f6ffentlichen Informationsveranstaltung zum Thema &#8222;B\u00fcrgerbus&#8220; ein. Los geht es am Donnerstag, 27. Februar 2019, um 18.30 Uhr im Ratssaal der Stadt Ratzeburg, Unter den Linden 1.<\/p>\n<p>Eingeladen werden neben dem B\u00fcrgermeister und dem B\u00fcrgervorsteher der Stadt Ratzeburg die B\u00fcrgermeister und Amtsvorsteher der umliegenden Gemeinden (inklusive Amt Lauenburgische Seen), Vereine und Verb\u00e4nde, kirchliche Einrichtungen, die Seniorenbeir\u00e4te im Kreis Herzogtum Lauenburg, der Kreisseniorenbeirat und der 1. Vorsitzende des Landesseniorenrates SH, Peter Schildw\u00e4chter. Fernziel ist neben dem \u00d6PNV die Verbesserung der individuellen Mobilit\u00e4t durch den Einsatz eines B\u00fcrgerbusses, wie es als Projekt in S-H unter anderem in den \u00c4mtern Berkenthin, Sandesneben, Kellinghusen und anderen Bundesl\u00e4ndern bereits eingef\u00fchrt worden ist.<\/p>\n<p>Mit dieser Informationsveranstaltung soll eine breite \u00d6ffentlichkeit informiert werden, um Bedarfe in Erfahrung zu bringen.<\/p>\n","protected":false},"excerpt":{"rendered":"<p>Ratzeburg (pm). Die Mitglieder des Seniorenbeirates der Stadt Ratzeburg laden zu einer \u00f6ffentlichen Informationsveranstaltung zum Thema &#8222;B\u00fcrgerbus&#8220; ein. Los geht es am Donnerstag, 27. Februar 2019, um 18.30 Uhr im Ratssaal der Stadt Ratzeburg, Unter den Linden 1. Eingeladen werden neben dem B\u00fcrgermeister und dem B\u00fcrgervorsteher der Stadt Ratzeburg die B\u00fcrgermeister und Amtsvorsteher der umliegenden [&hellip;]<\/p>\n","protected":false},"author":2,"featured_media":1186,"comment_status":"open","ping_status":"closed","sticky":false,"template":"","format":"standard","meta":{"jnews-multi-image_gallery":[],"jnews_single_post":[],"jnews_primary_category":[],"jnews_social_meta":[],"jnews_override_counter":[],"jnews_post_split":[],"footnotes":""},"categories":[63,64],"tags":[2026],"class_list":["post-20537","post","type-post","status-publish","format-standard","has-post-thumbnail","hentry","category-herzogtum-lauenburg","category-ratzeburg","tag-buergerbus"],"_links":{"self":[{"href":"https:\/\/herzogtum-direkt.de\/index.php\/wp-json\/wp\/v2\/posts\/20537","targetHints":{"allow":["GET"]}}],"collection":[{"href":"https:\/\/herzogtum-direkt.de\/index.php\/wp-json\/wp\/v2\/posts"}],"about":[{"href":"https:\/\/herzogtum-direkt.de\/index.php\/wp-json\/wp\/v2\/types\/post"}],"author":[{"embeddable":true,"href":"https:\/\/herzogtum-direkt.de\/index.php\/wp-json\/wp\/v2\/users\/2"}],"replies":[{"embeddable":true,"href":"https:\/\/herzogtum-direkt.de\/index.php\/wp-json\/wp\/v2\/comments?post=20537"}],"version-history":[{"count":1,"href":"https:\/\/herzogtum-direkt.de\/index.php\/wp-json\/wp\/v2\/posts\/20537\/revisions"}],"predecessor-version":[{"id":20538,"href":"https:\/\/herzogtum-direkt.de\/index.php\/wp-json\/wp\/v2\/posts\/20537\/revisions\/20538"}],"wp:featuredmedia":[{"embeddable":true,"href":"https:\/\/herzogtum-direkt.de\/index.php\/wp-json\/wp\/v2\/media\/1186"}],"wp:attachment":[{"href":"https:\/\/herzogtum-direkt.de\/index.php\/wp-json\/wp\/v2\/media?parent=20537"}],"wp:term":[{"taxonomy":"category","embeddable":true,"href":"https:\/\/herzogtum-direkt.de\/index.php\/wp-json\/wp\/v2\/categories?post=20537"},{"taxonomy":"post_tag","embeddable":true,"href":"https:\/\/herzogtum-direkt.de\/index.php\/wp-json\/wp\/v2\/tags?post=20537"}],"curies":[{"name":"wp","href":"https:\/\/api.w.org\/{rel}","templated":true}]}}