{"id":19869,"date":"2019-12-26T10:59:40","date_gmt":"2019-12-26T09:59:40","guid":{"rendered":"https:\/\/herzogtum-direkt.de\/?p=19869"},"modified":"2019-12-26T10:59:40","modified_gmt":"2019-12-26T09:59:40","slug":"eurobarometer-deutsche-und-europaeer-zunehmend-besorgt-ueber-klimawandel","status":"publish","type":"post","link":"https:\/\/herzogtum-direkt.de\/index.php\/2019\/12\/26\/eurobarometer-deutsche-und-europaeer-zunehmend-besorgt-ueber-klimawandel\/","title":{"rendered":"Eurobarometer: Deutsche und Europ\u00e4er zunehmend besorgt \u00fcber Klimawandel"},"content":{"rendered":"<p><strong>Br\u00fcssel (pm).<\/strong> Klimawandel und Umwelt werden immer h\u00e4ufiger als herausragende Probleme Europas wahrgenommen. \u201eDas aktuelle Eurobarometer zeigt: der Klimawandel besch\u00e4ftigt die Deutschen und auch andere Europ\u00e4er immer mehr. 35 Prozent der befragten Deutschen und 28 Prozent der Europ\u00e4er z\u00e4hlen Klimawandel und Umweltschutz zu den dr\u00e4ngendsten Probleme Europas\u201c, sagte J\u00f6rg Wojahn, der Vertreter der EU-Kommission in Deutschland. \u201eSeit 2014 hat der Klimawandel in der Bewertung der wichtigsten Probleme durch die Europ\u00e4er insgesamt um 19 Prozentpunkte zugelegt. Die Menschen erwarten von der EU entschlossenes Handeln. Mit dem europ\u00e4ischen Gr\u00fcnen Deal haben wir geliefert: Die Kommission will Europa bis 2050 zum ersten klimaneutralen Kontinent machen. Ab Januar werden wir die konkreten Gesetzesvorschl\u00e4ge dazu vorlegen.\u201c<\/p>\n<p>Die EU-B\u00fcrger nennen klare vorrangige Ziele f\u00fcr das europ\u00e4ische Klimaschutzprogramm, den \u201eGr\u00fcnen Deal\u201c: die Entwicklung erneuerbarer Energien (Deutschland: 59 Prozent, EU28: 54 Prozent), die Bek\u00e4mpfung von Kunststoffabf\u00e4llen sowie eine f\u00fchrende Rolle Europas bei der Einwegnutzung von Kunststoff (Deutschland: 57 Prozent, EU28: 53 Prozent).<\/p>\n<p>Auf nationaler Ebene sehen 34 Prozent der Deutschen Umwelt, Klima und Energiesicherheit als die wichtigsten Themen, gefolgt von Einwanderung (26 Prozent) und Renten (18 Prozent).<\/p>\n<p>Vertrauen in die Europ\u00e4ische Union haben 49 Prozent der befragten Deutschen und 43 Prozent der Befragten europaweit. Das positive Image der EU hat im Vergleich zum Vorjahr etwas an Boden verloren und liegt nun bei 42 Prozent (-3 Prozentpunkte). Der Wert bleibt jedoch h\u00f6her als im Zeitraum Herbst 2010 bis Fr\u00fchjahr 2018.<\/p>\n<p>In 18 Mitgliedstaaten hat die Mehrheit der Befragten ein positives Bild von der EU, wobei Irland (63 Prozent), Bulgarien (61 Prozent) und Portugal (59 Prozent) die h\u00f6chsten Werte verzeichnen, in Deutschland haben 50 Prozent der Befragten eine positive Vorstellung von der EU.<\/p>\n<p>45 Prozent der EU-B\u00fcrger sind der Meinung, dass ihre Stimme in der EU z\u00e4hlt, in Deutschland sind 61 Prozent ebenfalls dieser Ansicht, 35 Prozent glauben aber nicht, dass ihre Stimme in der EU z\u00e4hlt.<\/p>\n<p>Mehr als die H\u00e4lfte der Deutschen und Europ\u00e4er sagen, dass sie mit der Art und Weise, wie die Demokratie in der EU funktioniert, zufrieden sind (Deutschland: 56 Prozent, EU28: 52 Prozent). 40 Prozent sind in Deutschland und europaweit damit nicht zufrieden.<\/p>\n<p>Sieben von zehn Befragten in allen EU-L\u00e4ndern f\u00fchlen sich als B\u00fcrger der EU. Auf nationaler Ebene variiert der Anteil derer, die sich als EU-B\u00fcrger f\u00fchlen, von 91 Prozent in Luxemburg bis zu 51 Prozent in Griechenland. Neben Luxemburg gibt es zehn weitere L\u00e4nder, in denen sich mindestens acht von zehn Befragten als EU-B\u00fcrger f\u00fchlen: Spanien (86 Prozent), Deutschland (83 Prozent), Litauen und Finnland, Portugal, Malta und Polen (alle 81 Prozent) sowie Estland, Ungarn und Irland (alle 80 Prozent).<\/p>\n<p>Der vorliegende Bericht enth\u00e4lt die ersten Ergebnisse der Standard-Eurobarometer-Umfrage vom Herbst 2019 (EB92), die zwischen dem 14. und 29. November 2019 in den 28 EU-Mitgliedstaaten durchgef\u00fchrt wurde. Die Umfrage wurde auch in f\u00fcnf Kandidatenl\u00e4ndern (Nord-Mazedonien, T\u00fcrkei, Montenegro, Serbien und Albanien) und der t\u00fcrkischen Gemeinschaft Zyperns in dem Teil des Landes, der nicht von der Regierung der Republik Zypern kontrolliert wird, durchgef\u00fchrt.<\/p>\n","protected":false},"excerpt":{"rendered":"<p>Br\u00fcssel (pm). Klimawandel und Umwelt werden immer h\u00e4ufiger als herausragende Probleme Europas wahrgenommen. \u201eDas aktuelle Eurobarometer zeigt: der Klimawandel besch\u00e4ftigt die Deutschen und auch andere Europ\u00e4er immer mehr. 35 Prozent der befragten Deutschen und 28 Prozent der Europ\u00e4er z\u00e4hlen Klimawandel und Umweltschutz zu den dr\u00e4ngendsten Probleme Europas\u201c, sagte J\u00f6rg Wojahn, der Vertreter der EU-Kommission in [&hellip;]<\/p>\n","protected":false},"author":2,"featured_media":8013,"comment_status":"open","ping_status":"closed","sticky":false,"template":"","format":"standard","meta":{"jnews-multi-image_gallery":[],"jnews_single_post":[],"jnews_primary_category":[],"jnews_social_meta":[],"jnews_override_counter":[],"jnews_post_split":[],"footnotes":""},"categories":[110,93],"tags":[1079,1538,1607],"class_list":["post-19869","post","type-post","status-publish","format-standard","has-post-thumbnail","hentry","category-europa","category-weltweit","tag-europa","tag-europaeische-union","tag-klimawandel"],"_links":{"self":[{"href":"https:\/\/herzogtum-direkt.de\/index.php\/wp-json\/wp\/v2\/posts\/19869","targetHints":{"allow":["GET"]}}],"collection":[{"href":"https:\/\/herzogtum-direkt.de\/index.php\/wp-json\/wp\/v2\/posts"}],"about":[{"href":"https:\/\/herzogtum-direkt.de\/index.php\/wp-json\/wp\/v2\/types\/post"}],"author":[{"embeddable":true,"href":"https:\/\/herzogtum-direkt.de\/index.php\/wp-json\/wp\/v2\/users\/2"}],"replies":[{"embeddable":true,"href":"https:\/\/herzogtum-direkt.de\/index.php\/wp-json\/wp\/v2\/comments?post=19869"}],"version-history":[{"count":1,"href":"https:\/\/herzogtum-direkt.de\/index.php\/wp-json\/wp\/v2\/posts\/19869\/revisions"}],"predecessor-version":[{"id":19870,"href":"https:\/\/herzogtum-direkt.de\/index.php\/wp-json\/wp\/v2\/posts\/19869\/revisions\/19870"}],"wp:featuredmedia":[{"embeddable":true,"href":"https:\/\/herzogtum-direkt.de\/index.php\/wp-json\/wp\/v2\/media\/8013"}],"wp:attachment":[{"href":"https:\/\/herzogtum-direkt.de\/index.php\/wp-json\/wp\/v2\/media?parent=19869"}],"wp:term":[{"taxonomy":"category","embeddable":true,"href":"https:\/\/herzogtum-direkt.de\/index.php\/wp-json\/wp\/v2\/categories?post=19869"},{"taxonomy":"post_tag","embeddable":true,"href":"https:\/\/herzogtum-direkt.de\/index.php\/wp-json\/wp\/v2\/tags?post=19869"}],"curies":[{"name":"wp","href":"https:\/\/api.w.org\/{rel}","templated":true}]}}