{"id":19770,"date":"2019-12-20T09:16:58","date_gmt":"2019-12-20T08:16:58","guid":{"rendered":"https:\/\/herzogtum-direkt.de\/?p=19770"},"modified":"2019-12-20T09:16:58","modified_gmt":"2019-12-20T08:16:58","slug":"kreisweites-jugendforum-besucht-mit-jugendlichen-den-landtag","status":"publish","type":"post","link":"https:\/\/herzogtum-direkt.de\/index.php\/2019\/12\/20\/kreisweites-jugendforum-besucht-mit-jugendlichen-den-landtag\/","title":{"rendered":"Kreisweites Jugendforum besucht mit Jugendlichen den Landtag"},"content":{"rendered":"<p><strong>Herzogtum Lauenburg (pm).<\/strong> Jugendliche Mitwirkende des Jugendforums der \u201ePartnerschaft f\u00fcr Demokratie\u201c des Kreises planten und organisierten eigenst\u00e4ndig eine Bildungsfahrt, die kurz vor Weihnachten stattfand: Mit 22 jungen Leuten im Alter von dreizehn bis 22 Jahren ging es begleitet durch den Kreisjugendring Herzogtum Lauenburg (KJR) in die Schleswig-Holsteinische Landeshauptstadt. \u201eNachdem wir uns bereits in den letzten Jahren angeschaut haben, wie Politik im Bundestag und im Europaparlament gemacht wird, war es h\u00f6chste Zeit, dieses Jahr einmal den Landtag zu besuchen\u201c, erz\u00e4hlt Dennis Zdunek, welcher seit Beginn des Jugendforums 2015 aktiv dabei ist und in der Organisationsgruppe mitwirkte. Und folglich war auch die Resonanz. In k\u00fcrzester Zeit hatten sich \u00fcber 20 Interessierte f\u00fcr die Fahrt von Jugendlichen f\u00fcr Jugendliche angemeldet.<\/p>\n<p>Fr\u00fch am Morgen traf sich die Gruppe in B\u00fcchen und M\u00f6lln, um gemeinsam mit dem Zug nach Kiel zu reisen. Erster Programmpunkt war dabei der Besuch des Landeshauses. Eine Mitarbeiterin des Besucherdienstes informierte die jungen Teilnehmenden \u00fcber die Arbeitsweise im Plenarsaal, erkl\u00e4rte die Aufgaben des Landtagspr\u00e4sidenten und beantwortete Fragen, beispielsweise zur Redekultur der Abgeordneten.<\/p>\n<p>Anschlie\u00dfend fanden sich die Jugendlichen in Kleingruppen zusammen und gingen beim \u201eSpeedtalking\u201c mit den Landtagsabgeordneten Hans Hinrich Neve (CDU), Sandra Redmann (SPD), Anita Klahn (FDP) und Claus Schaffer (AfD) ins Gespr\u00e4ch. In dem Austausch diskutierten die jungen Leute mit den Abgeordneten \u00fcber ihre Themen, deren Bandbreite von kommunaler Jugendbeteiligung \u00fcber Klimawandel bis hin zur Erbschaftssteuer reichte. Die Teilnehmenden hatten viel Gespr\u00e4chsstoff mitgebracht und stellten ihre Sicht dar. \u201eWir sind begeistert, wie engagiert und eingebunden jeder und jede Einzelne der Teilnehmenden ist. Ob im Verein, Kinder- und Jugendbeirat, Jugendzentrum, in der Jugendorganisation der Parteien oder Schule, alle bringen Erfahrungen mit\u201c, sagt Dawid Noch vom KJR, der das Jugendforum hauptamtlich begleitet.<\/p>\n<p>Eine anschlie\u00dfende gruppenbildende Aktion im Escape Room sorgte f\u00fcr viel R\u00e4tselspa\u00df, bevor man sich mit Mitgliedern des Jungen Rates Kiel, der Kinder- und Jugendvertretung der Landeshauptstadt, traf. Im Jugend-Caf\u00e9, das letztes Jahr durch den Jungen Rat initiiert wurde, stellten die Mitglieder ihr Engagement in der Kommunalpolitik vor. In gem\u00fctlicher Atmosph\u00e4re bestand die M\u00f6glichkeit anschlie\u00dfend in den Austausch zu gehen und Einblicke in die Wirkungsst\u00e4tte, das B\u00fcro des Jungen Rats, zu erhalten. \u201eDas B\u00fcro sieht eigentlich so aus wie bei uns, hier wird wohl \u00e4hnlich gearbeitet\u201c, res\u00fcmierte ein Lauenburger Mitglied des dortigen Kinder- und Jugendbeirats interessiert.<\/p>\n<p>Bevor die Gruppe sich abends auf den Heimweg machte, stand noch ein kurzer Besuch des Kieler Weihnachtsmarktes an. Ein gemeinschaftlicher Abschluss eines wirklich gelungenen Tages. Mit viel Input fuhren die Teilnehmenden und Mitwirkenden des Jugendforums nach Hause, vielleicht schon mit der n\u00e4chsten Idee im Gep\u00e4ck, um Jugendliche zuk\u00fcnftig f\u00fcr Politik zu begeistern.<\/p>\n<figure id=\"attachment_19772\" aria-describedby=\"caption-attachment-19772\" style=\"width: 1000px\" class=\"wp-caption alignleft\"><a href=\"https:\/\/2021.herzogtum-direkt.de\/wp-content\/uploads\/2019\/12\/PM2Zuschnitt_klein.jpg\"><img fetchpriority=\"high\" decoding=\"async\" class=\"wp-image-19772 size-full\" src=\"https:\/\/2021.herzogtum-direkt.de\/wp-content\/uploads\/2019\/12\/PM2Zuschnitt_klein.jpg\" alt=\"\" width=\"1000\" height=\"676\" srcset=\"https:\/\/herzogtum-direkt.de\/wp-content\/uploads\/2019\/12\/PM2Zuschnitt_klein.jpg 1000w, https:\/\/herzogtum-direkt.de\/wp-content\/uploads\/2019\/12\/PM2Zuschnitt_klein-300x203.jpg 300w, https:\/\/herzogtum-direkt.de\/wp-content\/uploads\/2019\/12\/PM2Zuschnitt_klein-768x519.jpg 768w, https:\/\/herzogtum-direkt.de\/wp-content\/uploads\/2019\/12\/PM2Zuschnitt_klein-696x470.jpg 696w, https:\/\/herzogtum-direkt.de\/wp-content\/uploads\/2019\/12\/PM2Zuschnitt_klein-621x420.jpg 621w\" sizes=\"(max-width: 1000px) 100vw, 1000px\" \/><\/a><figcaption id=\"caption-attachment-19772\" class=\"wp-caption-text\">\u201eSpeedtalking\u201c mit Abgeordneten im Landtag\u2018. Foto: KJR<\/figcaption><\/figure>\n<p>Im kreisweiten Jugendforum engagieren sich junge Menschen aus dem gesamten Kreisgebiet. Sie treffen sich in regelm\u00e4\u00dfigen Abst\u00e4nden, tauschen sich \u00fcber Aktuelles und M\u00f6glichkeiten des politischen Engagements aus. Sie planen eigene Projekte und verf\u00fcgen selbst\u00e4ndig \u00fcber einen j\u00e4hrlichen Jugendfonds in H\u00f6he von 15.000 Euro ab 2020. Das kreisweite Jugendforum steht allen Jugendlichen und jungen Menschen bis 27 Jahre offen. Bei Fragen und Interesse steht Dawid Noch unter jugendforum@kjr-herzogtum-lauenburg.de oder 04542 &#8211; 843785 gerne zur Verf\u00fcgung.<\/p>\n<p>Das Jugendforum der \u201ePartnerschaft f\u00fcr Demokratie\u201c Kreis Herzogtum Lauenburg wird im Rahmen des Bundesprogramms \u201eDemokratie leben!\u201c vom Bundesministerium f\u00fcr Familie, Senioren, Frauen und Jugend gef\u00f6rdert.<\/p>\n","protected":false},"excerpt":{"rendered":"<p>Herzogtum Lauenburg (pm). Jugendliche Mitwirkende des Jugendforums der \u201ePartnerschaft f\u00fcr Demokratie\u201c des Kreises planten und organisierten eigenst\u00e4ndig eine Bildungsfahrt, die kurz vor Weihnachten stattfand: Mit 22 jungen Leuten im Alter von dreizehn bis 22 Jahren ging es begleitet durch den Kreisjugendring Herzogtum Lauenburg (KJR) in die Schleswig-Holsteinische Landeshauptstadt. \u201eNachdem wir uns bereits in den letzten [&hellip;]<\/p>\n","protected":false},"author":2,"featured_media":19771,"comment_status":"open","ping_status":"closed","sticky":false,"template":"","format":"standard","meta":{"jnews-multi-image_gallery":[],"jnews_single_post":[],"jnews_primary_category":[],"jnews_social_meta":[],"jnews_override_counter":[],"jnews_post_split":[],"footnotes":""},"categories":[63,74],"tags":[226],"class_list":["post-19770","post","type-post","status-publish","format-standard","has-post-thumbnail","hentry","category-herzogtum-lauenburg","category-jugend-direkt","tag-kreisjugendring"],"_links":{"self":[{"href":"https:\/\/herzogtum-direkt.de\/index.php\/wp-json\/wp\/v2\/posts\/19770","targetHints":{"allow":["GET"]}}],"collection":[{"href":"https:\/\/herzogtum-direkt.de\/index.php\/wp-json\/wp\/v2\/posts"}],"about":[{"href":"https:\/\/herzogtum-direkt.de\/index.php\/wp-json\/wp\/v2\/types\/post"}],"author":[{"embeddable":true,"href":"https:\/\/herzogtum-direkt.de\/index.php\/wp-json\/wp\/v2\/users\/2"}],"replies":[{"embeddable":true,"href":"https:\/\/herzogtum-direkt.de\/index.php\/wp-json\/wp\/v2\/comments?post=19770"}],"version-history":[{"count":1,"href":"https:\/\/herzogtum-direkt.de\/index.php\/wp-json\/wp\/v2\/posts\/19770\/revisions"}],"predecessor-version":[{"id":19773,"href":"https:\/\/herzogtum-direkt.de\/index.php\/wp-json\/wp\/v2\/posts\/19770\/revisions\/19773"}],"wp:featuredmedia":[{"embeddable":true,"href":"https:\/\/herzogtum-direkt.de\/index.php\/wp-json\/wp\/v2\/media\/19771"}],"wp:attachment":[{"href":"https:\/\/herzogtum-direkt.de\/index.php\/wp-json\/wp\/v2\/media?parent=19770"}],"wp:term":[{"taxonomy":"category","embeddable":true,"href":"https:\/\/herzogtum-direkt.de\/index.php\/wp-json\/wp\/v2\/categories?post=19770"},{"taxonomy":"post_tag","embeddable":true,"href":"https:\/\/herzogtum-direkt.de\/index.php\/wp-json\/wp\/v2\/tags?post=19770"}],"curies":[{"name":"wp","href":"https:\/\/api.w.org\/{rel}","templated":true}]}}