{"id":1971,"date":"2018-03-24T06:40:42","date_gmt":"2018-03-24T06:40:42","guid":{"rendered":"https:\/\/herzogtum-direkt.de\/?p=1971"},"modified":"2018-03-23T13:48:46","modified_gmt":"2018-03-23T13:48:46","slug":"spd-breitenfelde-direktkandidaten-fuer-die-gemeinderatswahl-im-mai-gewaehlt","status":"publish","type":"post","link":"https:\/\/herzogtum-direkt.de\/index.php\/2018\/03\/24\/spd-breitenfelde-direktkandidaten-fuer-die-gemeinderatswahl-im-mai-gewaehlt\/","title":{"rendered":"SPD Breitenfelde: Direktkandidaten f\u00fcr die Gemeinderatswahl im Mai gew\u00e4hlt"},"content":{"rendered":"<p><strong>Breitenfelde (pm). <\/strong>Ihre Direkt- und Listenkandidaten f\u00fcr die Kommunalwahl im Mai 2018 hat die SPD Breitenfelde jetzt im Rahmen ihrer Jahreshauptversammlung nominiert. Au\u00dferdem wurde das Wahlprogramm der Breitenfelder Sozialdemokraten f\u00fcr die Wahlperiode 2018 &#8211; 2023 verabschiedet.<\/p>\n<p>Die Liste f\u00fchrt der langj\u00e4hrige Gemeindevertreter Arnold Bruhn an. Ihm folgen der Gemeindevertreter Ferdinand Sch\u00fctt und Olaf Baumgarten auf den Listenpl\u00e4tzen zwei und drei. Auf Platz vier kandidiert Hinnerk Bruhn, gleichzeitig Vorsitzender des Breitenfelder Sportvereins. Danach folgen auf den Pl\u00e4tzen f\u00fcnf bis sieben Holger Harenberg, Lucas Kelm und Ingrid Brandst\u00e4tter.<\/p>\n<p>Arnold Bruhn: &#8222;In Breitenfelde h\u00f6rt man viel Unzufriedenhit \u00fcber die Politik der absoluten Mehrheit der Breitenfelder W\u00e4hlergemeinschaft. Ziel ist es, diese absolute Mehrheit nach der Wahl abzul\u00f6sen, damit das Gemeinwohl wieder im Vordergrund vor Einzelinteressen steht&#8220;.<\/p>\n","protected":false},"excerpt":{"rendered":"<p>Breitenfelde (pm). Ihre Direkt- und Listenkandidaten f\u00fcr die Kommunalwahl im Mai 2018 hat die SPD Breitenfelde jetzt im Rahmen ihrer Jahreshauptversammlung nominiert. Au\u00dferdem wurde das Wahlprogramm der Breitenfelder Sozialdemokraten f\u00fcr die Wahlperiode 2018 &#8211; 2023 verabschiedet. Die Liste f\u00fchrt der langj\u00e4hrige Gemeindevertreter Arnold Bruhn an. Ihm folgen der Gemeindevertreter Ferdinand Sch\u00fctt und Olaf Baumgarten auf [&hellip;]<\/p>\n","protected":false},"author":2,"featured_media":1972,"comment_status":"open","ping_status":"closed","sticky":false,"template":"","format":"standard","meta":{"jnews-multi-image_gallery":[],"jnews_single_post":[],"jnews_primary_category":[],"jnews_social_meta":[],"jnews_override_counter":[],"jnews_post_split":[],"footnotes":""},"categories":[68,63],"tags":[399,145,398],"class_list":["post-1971","post","type-post","status-publish","format-standard","has-post-thumbnail","hentry","category-amt-breitenfelde","category-herzogtum-lauenburg","tag-breitenfelde","tag-kommunalwahl-2018","tag-spd-breitenfelde"],"_links":{"self":[{"href":"https:\/\/herzogtum-direkt.de\/index.php\/wp-json\/wp\/v2\/posts\/1971","targetHints":{"allow":["GET"]}}],"collection":[{"href":"https:\/\/herzogtum-direkt.de\/index.php\/wp-json\/wp\/v2\/posts"}],"about":[{"href":"https:\/\/herzogtum-direkt.de\/index.php\/wp-json\/wp\/v2\/types\/post"}],"author":[{"embeddable":true,"href":"https:\/\/herzogtum-direkt.de\/index.php\/wp-json\/wp\/v2\/users\/2"}],"replies":[{"embeddable":true,"href":"https:\/\/herzogtum-direkt.de\/index.php\/wp-json\/wp\/v2\/comments?post=1971"}],"version-history":[{"count":1,"href":"https:\/\/herzogtum-direkt.de\/index.php\/wp-json\/wp\/v2\/posts\/1971\/revisions"}],"predecessor-version":[{"id":1973,"href":"https:\/\/herzogtum-direkt.de\/index.php\/wp-json\/wp\/v2\/posts\/1971\/revisions\/1973"}],"wp:featuredmedia":[{"embeddable":true,"href":"https:\/\/herzogtum-direkt.de\/index.php\/wp-json\/wp\/v2\/media\/1972"}],"wp:attachment":[{"href":"https:\/\/herzogtum-direkt.de\/index.php\/wp-json\/wp\/v2\/media?parent=1971"}],"wp:term":[{"taxonomy":"category","embeddable":true,"href":"https:\/\/herzogtum-direkt.de\/index.php\/wp-json\/wp\/v2\/categories?post=1971"},{"taxonomy":"post_tag","embeddable":true,"href":"https:\/\/herzogtum-direkt.de\/index.php\/wp-json\/wp\/v2\/tags?post=1971"}],"curies":[{"name":"wp","href":"https:\/\/api.w.org\/{rel}","templated":true}]}}