{"id":19617,"date":"2019-12-10T11:28:48","date_gmt":"2019-12-10T10:28:48","guid":{"rendered":"https:\/\/herzogtum-direkt.de\/?p=19617"},"modified":"2019-12-10T11:30:58","modified_gmt":"2019-12-10T10:30:58","slug":"schleswig-holstein-erarbeitet-landesaktionsplan-gegen-rassismus","status":"publish","type":"post","link":"https:\/\/herzogtum-direkt.de\/index.php\/2019\/12\/10\/schleswig-holstein-erarbeitet-landesaktionsplan-gegen-rassismus\/","title":{"rendered":"Schleswig-Holstein erarbeitet &#8218;Landesaktionsplan gegen Rassismus&#8216;"},"content":{"rendered":"<p><strong>Kiel (pm).<\/strong> F\u00fcr Innenminister Hans-Joachim Grote ist der Kampf gegen Hass und Rassismus eine gesamtgesellschaftliche Aufgabe. Das machte er am 9. Dezember in seiner Rede auf der Dialogveranstaltung &#8222;Schleswig-Holstein gegen Rassismus&#8220; deutlich: &#8222;Verunglimpfung, Hass und Gewaltexzesse sind in Zeiten der so genannten sozialen Medien anscheinend ein Bestandteil unserer Gesellschaft geworden. In manchen Bereichen gibt es scheinbar keine Grenzen mehr. Dies nehmen wir nicht hin. Ganz gleich, ob es sich um angeblich politisch motivierte Sachbesch\u00e4digung, Rufmord oder menschenverachtenden Rassismus handelt. Dagegen muss sich die gesamte Gesellschaft wehren.&#8220;<\/p>\n<p>Die Landesregierung habe in ihrem Koalitionsvertrag deshalb bereits die Ausarbeitung des &#8222;Landesaktionsplans gegen Rassismus&#8220; festgeschrieben. Die Dialogveranstaltung sei ein wichtiger Zwischenschritt auf dem Weg dorthin. Nach \u00dcberzeugung des Innenministers ist dabei entscheidend, dass sich neben \u00f6ffentlichen, staatlichen Stellen, Vertreter aus allen Bereichen der Gesellschaft einbringen.<\/p>\n<p>&#8222;Unsere Aufgabe ist es, f\u00fcr eine tolerante und weltoffene Gesellschaft einzustehen, f\u00fcr sie zu k\u00e4mpfen. Mir machen die Aktivit\u00e4ten im Internet wirklich Sorgen. Hier findet die Radikalisierung statt. Wir haben darauf reagiert und unseren Verfassungsschutz personell verst\u00e4rkt. Wir haben neue Stellen geschaffen, um die Machenschaften im Netz mit zu verfolgen und notfalls handeln zu k\u00f6nnen.&#8220;<\/p>\n<p>Der &#8222;Landesaktionsplan gegen Rassismus&#8220; werde einen wichtigen Beitrag leisten: In ihm w\u00fcrden nicht nur Leitlinien f\u00fcr die Pr\u00e4ventions- und Antirassismus-Arbeit in Schleswig-Holstein festgelegt, sondern auch notwendige Handlungsfelder, Aktivit\u00e4ten und Ma\u00dfnahmen. L\u00fccken im aktuell schon bestehenden Angebot im Bereich der Pr\u00e4ventionsarbeit w\u00fcrden identifiziert und geschlossen werden.<\/p>\n","protected":false},"excerpt":{"rendered":"<p>Kiel (pm). F\u00fcr Innenminister Hans-Joachim Grote ist der Kampf gegen Hass und Rassismus eine gesamtgesellschaftliche Aufgabe. Das machte er am 9. Dezember in seiner Rede auf der Dialogveranstaltung &#8222;Schleswig-Holstein gegen Rassismus&#8220; deutlich: &#8222;Verunglimpfung, Hass und Gewaltexzesse sind in Zeiten der so genannten sozialen Medien anscheinend ein Bestandteil unserer Gesellschaft geworden. In manchen Bereichen gibt es [&hellip;]<\/p>\n","protected":false},"author":2,"featured_media":1186,"comment_status":"open","ping_status":"closed","sticky":false,"template":"","format":"standard","meta":{"jnews-multi-image_gallery":[],"jnews_single_post":[],"jnews_primary_category":[],"jnews_social_meta":[],"jnews_override_counter":[],"jnews_post_split":[],"footnotes":""},"categories":[94,93],"tags":[1365],"class_list":["post-19617","post","type-post","status-publish","format-standard","has-post-thumbnail","hentry","category-deutschland","category-weltweit","tag-rassismus"],"_links":{"self":[{"href":"https:\/\/herzogtum-direkt.de\/index.php\/wp-json\/wp\/v2\/posts\/19617","targetHints":{"allow":["GET"]}}],"collection":[{"href":"https:\/\/herzogtum-direkt.de\/index.php\/wp-json\/wp\/v2\/posts"}],"about":[{"href":"https:\/\/herzogtum-direkt.de\/index.php\/wp-json\/wp\/v2\/types\/post"}],"author":[{"embeddable":true,"href":"https:\/\/herzogtum-direkt.de\/index.php\/wp-json\/wp\/v2\/users\/2"}],"replies":[{"embeddable":true,"href":"https:\/\/herzogtum-direkt.de\/index.php\/wp-json\/wp\/v2\/comments?post=19617"}],"version-history":[{"count":1,"href":"https:\/\/herzogtum-direkt.de\/index.php\/wp-json\/wp\/v2\/posts\/19617\/revisions"}],"predecessor-version":[{"id":19618,"href":"https:\/\/herzogtum-direkt.de\/index.php\/wp-json\/wp\/v2\/posts\/19617\/revisions\/19618"}],"wp:featuredmedia":[{"embeddable":true,"href":"https:\/\/herzogtum-direkt.de\/index.php\/wp-json\/wp\/v2\/media\/1186"}],"wp:attachment":[{"href":"https:\/\/herzogtum-direkt.de\/index.php\/wp-json\/wp\/v2\/media?parent=19617"}],"wp:term":[{"taxonomy":"category","embeddable":true,"href":"https:\/\/herzogtum-direkt.de\/index.php\/wp-json\/wp\/v2\/categories?post=19617"},{"taxonomy":"post_tag","embeddable":true,"href":"https:\/\/herzogtum-direkt.de\/index.php\/wp-json\/wp\/v2\/tags?post=19617"}],"curies":[{"name":"wp","href":"https:\/\/api.w.org\/{rel}","templated":true}]}}