{"id":19612,"date":"2019-12-10T10:33:57","date_gmt":"2019-12-10T09:33:57","guid":{"rendered":"https:\/\/herzogtum-direkt.de\/?p=19612"},"modified":"2019-12-11T10:50:16","modified_gmt":"2019-12-11T09:50:16","slug":"rmvb-aenderungen-zum-fahrplanwechsel","status":"publish","type":"post","link":"https:\/\/herzogtum-direkt.de\/index.php\/2019\/12\/10\/rmvb-aenderungen-zum-fahrplanwechsel\/","title":{"rendered":"\u00c4nderungen zum Fahrplanwechsel"},"content":{"rendered":"<p><strong>Herzogtum Lauenburg (pm).<\/strong> Wie die RMVB informiert gibt es \u00c4nderungen zum Fahrplanwechsel am Sonntag, 15. Dezember 2019, im Bereich des n\u00f6rdlichen Teils des Kreises Herzogtum-Lauenburg. Folgende \u00c4nderungen sind vorgesehen:<\/p>\n<p>Schienenverkehr<\/p>\n<p>RE 83 (L\u00fcbeck \u2013 Ratzeburg \u2013 M\u00f6lln \u2013 B\u00fcchen \u2013 Lauenburg \u2013 L\u00fcneburg)<\/p>\n<p>Der Abendverkehr wird mit einer zus\u00e4tzlichen Fahrt von L\u00fcneburg nach L\u00fcbeck ausgeweitet. In der Gegenrichtung f\u00e4hrt samstags eine weitere fr\u00fche Bahn von L\u00fcbeck nach L\u00fcneburg sowie t\u00e4glich nach Mitternacht eine zus\u00e4tzliche Bahn von L\u00fcbeck nach B\u00fcchen.<\/p>\n<p>Stadtverkehr Ratzeburg<\/p>\n<p>Der Anschluss der StadtBus-Linie 8501 mit der RegionalBus-Linie 8750 Richtung Bahnhof Ratzeburg wird von der Haltestelle &#8222;Vorstadtschule&#8220; zur Haltestelle &#8222;Demolierung&#8220; verlegt. Somit k\u00f6nnen eventuelle Versp\u00e4tungen der aus M\u00f6lln kommenden Linie 8750 besser ausgeglichen werden.<\/p>\n<p>Die Fahrten der Linie 8502 zwischen ca. 6 und 23 Uhr starten zuk\u00fcnftig zwei Minuten sp\u00e4ter ab Bf. Ratzeburg (auf Minute 08). Dieses soll den Umstieg aus der Linie 8710 aus Richtung M\u00f6lln verbessern.<\/p>\n<p>In der Gegenrichtung verkehrt die Linie 8502 zwischen 5:30 und 22:30 Uhr jeweils drei Minuten fr\u00fcher als bisher! Dieses soll den Anschluss zur Linie 8710 verbessern.<\/p>\n<p>Regionalverkehr (Grundnetzlinien)<\/p>\n<p>Auf den RegionalBus-Linien 8710 (M\u00f6lln \u2013 Ratzeburg \u2013 L\u00fcbeck) und 8810 (HH-Bergedorf \u2013 Schwarzenbek \u2013 M\u00f6lln) wird der Wochenendnachtverkehr \u00fcber Schwarzenbek hinaus mit drei Fahrtenpaaren bis nach M\u00f6lln, Ratzeburg und zur\u00fcck ausgeweitet.<\/p>\n<p>Die RegionalBus-Linie 8830 (B\u00fcchen \u2013 Talkau &#8211; Breitenfelde \u2013 M\u00f6lln) f\u00e4hrt die Haltestelle \u201eB\u00fcchen, Schulzentrum\u201c nicht mehr an. Somit haben Sie eine schnellere, direkte Anbindung von und zu den Z\u00fcgen am Bf. B\u00fcchen.<\/p>\n<p>Regionalverkehr (Sch\u00fclererg\u00e4nzungsnetz)<\/p>\n<p>Auf der RegionalBus-Linie 8752 (Ratzeburg \u2013 Schmilau \u2013 Sterley) startet die bisher um 15:40 Uhr in &#8222;Brunsmark, Dorfstra\u00dfe&#8220; beginnende Fahrt bereits um 15:35 Uhr ab &#8222;Sterley, Schule\u201c.<\/p>\n<p>Auf der RegionalBus-Linie 8754 (Sterley \u2013 Gudow \u2013 M\u00f6lln) wird eine zus\u00e4tzliche Fahrt an Schultagen um 15:55 Uhr ab &#8222;Sterley, Schule&#8220; bis &#8222;M\u00f6lln, ZOB&#8220; eingerichtet.<\/p>\n<p>Auf der RegionalBus-Linie 8794 (Sterley \u2013 Kittlitz \u2013 Mustin \u2013 Ziethen) wird eine zus\u00e4tzliche Fahrt um 15:40 Uhr ab &#8222;Sterley, Schule&#8220; Richtung Ratzeburg eingerichtet.<\/p>\n<p>Alle drei Ma\u00dfnahmen haben den Hintergrund, dass an der Sterleyer Schule der verl\u00e4ssliche Nachmittagsunterricht eingef\u00fchrt wurde.<\/p>\n<p>Auf der RegionalBus-Linie 8755 (M\u00f6lln \u2013 Grambek) wird an Schultagen eine zus\u00e4tzliche Fahrt um 8:03 Uhr ab &#8222;Grambek, Ringstra\u00dfe&#8220; bis &#8222;M\u00f6lln, ZOB&#8220; eingerichtet.<\/p>\n<p>In der Gegenrichtung gibt es eine neue Fahrt, die um 18:55 Uhr ab &#8222;M\u00f6lln, ZOB&#8220; startet. Sie verkehrt bis &#8222;R\u00f6ntgenweg&#8220; planm\u00e4\u00dfig, danach h\u00e4lt sie nur noch zum Aussteigen.<\/p>\n<p>Auf der RegionalBus-Linie 8792 (Ratzeburg \u2013 Salem \u2013 Kittlitz \u2013 Mustin) wird an Schultagen eine zus\u00e4tzliche Fahrt eingerichtet, die um 16:50 Uhr an der Haltestelle &#8222;Ratzeburg, Demolierung&#8220; startet. Sie verkehrt wie die Fahrt an Ferientagen um 17:50 Uhr bis zur Haltestelle &#8222;Gartenstra\u00dfe (Friedhof)&#8220; planm\u00e4\u00dfig und danach nur zum Aussteigen.<\/p>\n<p>Die RegionalBus-Linie 8831 (B\u00fcchen \u2013 G\u00fcster \u2013 Hornbek \u2013 Tramm \u2013 Schretstaken) wird \u00fcber den bisherigen Endpunkt Tramm hinaus bis in die Gemeinden Talkau und Schretstaken verl\u00e4ngert.<\/p>\n","protected":false},"excerpt":{"rendered":"<p>Herzogtum Lauenburg (pm). Wie die RMVB informiert gibt es \u00c4nderungen zum Fahrplanwechsel am Sonntag, 15. Dezember 2019, im Bereich des n\u00f6rdlichen Teils des Kreises Herzogtum-Lauenburg. Folgende \u00c4nderungen sind vorgesehen: Schienenverkehr RE 83 (L\u00fcbeck \u2013 Ratzeburg \u2013 M\u00f6lln \u2013 B\u00fcchen \u2013 Lauenburg \u2013 L\u00fcneburg) Der Abendverkehr wird mit einer zus\u00e4tzlichen Fahrt von L\u00fcneburg nach L\u00fcbeck ausgeweitet. [&hellip;]<\/p>\n","protected":false},"author":2,"featured_media":2667,"comment_status":"open","ping_status":"closed","sticky":false,"template":"","format":"standard","meta":{"jnews-multi-image_gallery":[],"jnews_single_post":[],"jnews_primary_category":[],"jnews_social_meta":[],"jnews_override_counter":[],"jnews_post_split":[],"footnotes":""},"categories":[65,68,69,67,63,66,64],"tags":[985,2592,2591,911],"class_list":["post-19612","post","type-post","status-publish","format-standard","has-post-thumbnail","hentry","category-amt-berkenthin","category-amt-breitenfelde","category-amt-lauenburgische-seen","category-amt-sandesneben-nusse","category-herzogtum-lauenburg","category-moelln","category-ratzeburg","tag-bahn","tag-bus","tag-oenvp","tag-rmvb"],"_links":{"self":[{"href":"https:\/\/herzogtum-direkt.de\/index.php\/wp-json\/wp\/v2\/posts\/19612","targetHints":{"allow":["GET"]}}],"collection":[{"href":"https:\/\/herzogtum-direkt.de\/index.php\/wp-json\/wp\/v2\/posts"}],"about":[{"href":"https:\/\/herzogtum-direkt.de\/index.php\/wp-json\/wp\/v2\/types\/post"}],"author":[{"embeddable":true,"href":"https:\/\/herzogtum-direkt.de\/index.php\/wp-json\/wp\/v2\/users\/2"}],"replies":[{"embeddable":true,"href":"https:\/\/herzogtum-direkt.de\/index.php\/wp-json\/wp\/v2\/comments?post=19612"}],"version-history":[{"count":3,"href":"https:\/\/herzogtum-direkt.de\/index.php\/wp-json\/wp\/v2\/posts\/19612\/revisions"}],"predecessor-version":[{"id":19633,"href":"https:\/\/herzogtum-direkt.de\/index.php\/wp-json\/wp\/v2\/posts\/19612\/revisions\/19633"}],"wp:featuredmedia":[{"embeddable":true,"href":"https:\/\/herzogtum-direkt.de\/index.php\/wp-json\/wp\/v2\/media\/2667"}],"wp:attachment":[{"href":"https:\/\/herzogtum-direkt.de\/index.php\/wp-json\/wp\/v2\/media?parent=19612"}],"wp:term":[{"taxonomy":"category","embeddable":true,"href":"https:\/\/herzogtum-direkt.de\/index.php\/wp-json\/wp\/v2\/categories?post=19612"},{"taxonomy":"post_tag","embeddable":true,"href":"https:\/\/herzogtum-direkt.de\/index.php\/wp-json\/wp\/v2\/tags?post=19612"}],"curies":[{"name":"wp","href":"https:\/\/api.w.org\/{rel}","templated":true}]}}