{"id":19417,"date":"2019-12-03T11:33:12","date_gmt":"2019-12-03T09:33:12","guid":{"rendered":"https:\/\/herzogtum-direkt.de\/?p=19417"},"modified":"2019-12-03T11:33:12","modified_gmt":"2019-12-03T09:33:12","slug":"november-2019-feuerwehr-moelln-verzeichnet-18-einsaetze","status":"publish","type":"post","link":"https:\/\/herzogtum-direkt.de\/index.php\/2019\/12\/03\/november-2019-feuerwehr-moelln-verzeichnet-18-einsaetze\/","title":{"rendered":"November 2019: Feuerwehr M\u00f6lln verzeichnet 18 Eins\u00e4tze"},"content":{"rendered":"<p><strong>M\u00f6lln (pm).<\/strong> Ehre und Verpflichtung zugleich ist die Teilnahme der Freiwilligen Feuerwehr M\u00f6lln an der Feierstunde der Stadt M\u00f6lln anl\u00e4sslich des Volkstrauertages auf dem M\u00f6llner Friedhof. So gedachten am 16. November auch Kameraden der M\u00f6llner Wehr ihrer gefallenen und verstorbenen Kameraden.<\/p>\n<p>Am 15. November fand zudem die diesj\u00e4hrige Herbstmitgliederversammlung statt. Im Laufe der Versammlung billigten die Anwesenden den vom Kassenwart erstellten Einnahme- und Ausgabenplan f\u00fcr das Jahr 2020.<\/p>\n<p>Der L\u00f6schmeister Werner Teegen geh\u00f6rt seit 40 Jahren zur Freiwilligen Feuerwehr M\u00f6lln. F\u00fcr sein langj\u00e4hriges Wirken zeichnete der Kreisbrandmeister Sven Stonies ihn mit dem Brandschutzehrenzeichen in Gold aus. Mit Erreichen der Altersgrenze wird der Geehrte zum Jahresende aus dem aktiven Dienst ausscheiden und in die Ehrenabteilung der Wehr wechseln. Werner Teegen \u00fcbte in der M\u00f6llner Wehr unter anderem 33 Jahre das Amt des Schriftf\u00fchrers aus und geh\u00f6rte mehrere Jahre der Technischen Einsatzleitung des Kreisfeuerwehrverbandes (TEL) an. 2016 erhielt er f\u00fcr seine Verdienste das Schleswig-Holsteinische-Feuerwehrehrenkreuz in Gold.<\/p>\n<p>Der Brandmeister Dirk Jettmann geh\u00f6rte dem Vorstand der Freiwilligen Feuerwehr M\u00f6lln fast 36 Jahre an. Nachdem er von 1983 bis 2001 das Amt eines Gruppenf\u00fchrers innehatte, \u00fcbte er anschlie\u00dfend bis 2019 das Amt eines Zugf\u00fchrers aus. Als Dank f\u00fcr sein langj\u00e4hriges Wirken zum Wohle der Stadt M\u00f6lln und ihrer Bev\u00f6lkerung sowohl im Einsatzgeschehen als auch als Vorstandsmitglied in der Freiwilligen Feuerwehr M\u00f6lln \u00fcberreichte ihm M\u00f6llns Wehrf\u00fchrer ein Pr\u00e4sent der Wehr.<\/p>\n<p>Einsatzm\u00e4\u00dfig blicken die M\u00f6llner Blaur\u00f6cke auf einen verh\u00e4ltnism\u00e4\u00dfig ruhigen Monat zur\u00fcck. Verzeichnete die ehrenamtlich T\u00e4tigen im November 2018 noch 23 Alarmierungen, so wurden sie in diesem Jahr nur 18mal ben\u00f6tigt, wobei hierbei allein drei Sicherheitswachen gestellt wurden. So sicherten Kr\u00e4fte der Wehr zwei Laternenumz\u00fcge von M\u00f6llner Kindertagesst\u00e4tten ab und stellten anl\u00e4sslich des M\u00f6llner Herbstmarktes eine Sicherheitswache beim traditionellen Feuerwerk. Siebenmal wurde die Hilfe der M\u00f6llner Wehr vom Rettungsdienst ben\u00f6tigt. So sollten Wohnungst\u00fcren ge\u00f6ffnet oder der Rettungsdienst mit einer Tragehilfe unterst\u00fctzt werden. Da ein Transport durch das enge Treppenhaus nicht m\u00f6glich war, wurde am 30. November ein schwer erkrankter Patient mit Hilfe der Drehleiter aus dem ersten Obergeschoss eines Hauses geholt. Die \u00fcbrigen Eins\u00e4tze gliedern sich wie folgt auf:<\/p>\n<p>03.11. Auf der Terrasse eines Mehrfamilienhauses an der Danziger Stra\u00dfe fing beim Ladevorgang ein E-Bike Feuer. Die Rauchentwicklung des Gummireifens lie\u00df Nachbarn einen Wohnungsbrand vermuten, so dass um 12.16 Uhr die M\u00f6llner Feuerwehr mit dem Stichwort \u201eFeuer \u2013 Menschenleben in Gefahr\u201c alarmiert wurde. Als die ersten Kr\u00e4fte an der Einsatzstelle eintrafen, stellte sich die Lage gl\u00fccklicherweise anders dar. Das Feuer war bereits aus, so dass weitere anr\u00fcckende Kr\u00e4fte ihre Fahrt abbrechen konnten.<\/p>\n<p>05.11. Nachdem die Brandmeldeanlage im Hauptgeb\u00e4ude des Robert-Koch-Parks einen Alarm ausgel\u00f6st hatte, wurde um 2.14 Uhr die Freiwillige Feuerwehr M\u00f6lln alarmiert. Bei der Erkundung wurde in einem Kellerraum eine Rauchentwicklung, die von einem eingeschalteten Ofen zum Brennen von Keramikst\u00fccken ausging, vorgefunden. Nach Ausschaltung des Ofens wurde der Kellerraum maschinell bel\u00fcftet, zudem wurde die Anlage zur\u00fcckgestellt. Wenig sp\u00e4ter konnten die 19 Blaur\u00f6cke ihre Nachtruhe fortsetzen.<\/p>\n<p>06.11. Von einer benachbarten Schule aus wurde eine unklare Rauchentwicklung im Hempsch\u00f6rt bemerkt und ein Notruf abgesetzt. Die um 8.07 Uhr alarmierten Einsatzkr\u00e4fte konnten vor Ort keine Ursache f\u00fcr die Rauchentwicklung feststellen und verbuchten diesen Einsatz als Fehlalarm. Nicht auszuschlie\u00dfen ist, dass es sich um Qualm aus einem Schornstein gehandelt hat. Da die DLK aufgrund einer Reparatur au\u00dfer Dienst war, war zudem die FF Ratzeburg mit dem Hubrettungsfahrzeug mit alarmiert worden. Die Ratzeburger Kr\u00e4fte wurden vor Eintreffen am Einsatzort abbestellt.<\/p>\n<p>13.11. Um 14.08 Uhr wurde die Drehleiter der M\u00f6llner Wehr nach Basthorst alarmiert. Hier war in einer Kindertagesst\u00e4tte eine Rauchentwicklung bemerkt worden. Vor Ort konnten die ersten eintreffenden Kr\u00e4fte weiterer alarmierter Feuerwehren keine Schadenslage feststellen. Die M\u00f6llner Einsatzkr\u00e4fte konnten ihre Einsatzfahrt daher im Bereich M\u00fchlenrade abbrechen und ins Ger\u00e4tehaus zur\u00fcckkehren.<\/p>\n<p>20.11. Um 11.31 Uhr wurden Kr\u00e4fte der Wehr alarmiert, weil aus einer leerstehenden Wohnung in einem Mehrfamilienhaus an der Goethestra\u00dfe Wasser austrat. \u00dcber ein auf Kipp stehendes Fenster konnte die Wohnung betreten und ein Wasserschieber geschlossen werden.<\/p>\n<p>22.11. Bei Arbeiten in einem Betrieb an der Thorner Stra\u00dfe wurde durch Flexarbeiten die Brandmeldeanlage ausgel\u00f6st. Schnell stellte sich f\u00fcr die um 7.29 Uhr alarmierten Kr\u00e4fte die Meldung als Fehlalarm heraus, so dass die Einsatzfahrten abgebrochen werden konnten.<\/p>\n<p>26.11. Um 2.44 Uhr rissen die Funkmeldeempf\u00e4nger 21 Mitglieder der FF M\u00f6lln aus dem Schlaf. Zuvor hatte die automatische Brandmeldeanlage eines Betriebes an der Industriestra\u00dfe einen Feueralarm ausgel\u00f6st. Vor Ort entdeckten die Einsatzkr\u00e4fte in einem Lagerraum einen abgerissenen Sprinklerkopf. Um weiteren Schaden zu vermeiden wurde die Wasserleitung zum defekten Sprinklerkopf geschlossen und die Kr\u00e4fte kehrten ins Ger\u00e4tehaus zur\u00fcck. Wenig sp\u00e4ter konnten sie ihre unterbrochene Nachtruhe fortsetzen.<\/p>\n<p>30.11. Nachdem ein Gaswarnmelder in einem Haus am Ziegenmarkt einen Alarm ausgel\u00f6st hatte, wurde um 21.19 Uhr die FF M\u00f6lln alarmiert. Die Messungen der Einsatzkr\u00e4fte vor Ort f\u00fchrten allerdings zu keinem Ergebnis. Demnach trat kein Gas aus und der Einsatz wurde als Fehlalarm verbucht.<\/p>\n","protected":false},"excerpt":{"rendered":"<p>M\u00f6lln (pm). Ehre und Verpflichtung zugleich ist die Teilnahme der Freiwilligen Feuerwehr M\u00f6lln an der Feierstunde der Stadt M\u00f6lln anl\u00e4sslich des Volkstrauertages auf dem M\u00f6llner Friedhof. So gedachten am 16. November auch Kameraden der M\u00f6llner Wehr ihrer gefallenen und verstorbenen Kameraden. Am 15. November fand zudem die diesj\u00e4hrige Herbstmitgliederversammlung statt. Im Laufe der Versammlung billigten [&hellip;]<\/p>\n","protected":false},"author":36,"featured_media":19419,"comment_status":"open","ping_status":"closed","sticky":false,"template":"","format":"standard","meta":{"jnews-multi-image_gallery":[],"jnews_single_post":[],"jnews_primary_category":[],"jnews_social_meta":[],"jnews_override_counter":[],"jnews_post_split":[],"footnotes":""},"categories":[63,66],"tags":[275,133],"class_list":["post-19417","post","type-post","status-publish","format-standard","has-post-thumbnail","hentry","category-herzogtum-lauenburg","category-moelln","tag-freiwillige-feuerwehr-moelln","tag-moelln"],"_links":{"self":[{"href":"https:\/\/herzogtum-direkt.de\/index.php\/wp-json\/wp\/v2\/posts\/19417","targetHints":{"allow":["GET"]}}],"collection":[{"href":"https:\/\/herzogtum-direkt.de\/index.php\/wp-json\/wp\/v2\/posts"}],"about":[{"href":"https:\/\/herzogtum-direkt.de\/index.php\/wp-json\/wp\/v2\/types\/post"}],"author":[{"embeddable":true,"href":"https:\/\/herzogtum-direkt.de\/index.php\/wp-json\/wp\/v2\/users\/36"}],"replies":[{"embeddable":true,"href":"https:\/\/herzogtum-direkt.de\/index.php\/wp-json\/wp\/v2\/comments?post=19417"}],"version-history":[{"count":1,"href":"https:\/\/herzogtum-direkt.de\/index.php\/wp-json\/wp\/v2\/posts\/19417\/revisions"}],"predecessor-version":[{"id":19418,"href":"https:\/\/herzogtum-direkt.de\/index.php\/wp-json\/wp\/v2\/posts\/19417\/revisions\/19418"}],"wp:featuredmedia":[{"embeddable":true,"href":"https:\/\/herzogtum-direkt.de\/index.php\/wp-json\/wp\/v2\/media\/19419"}],"wp:attachment":[{"href":"https:\/\/herzogtum-direkt.de\/index.php\/wp-json\/wp\/v2\/media?parent=19417"}],"wp:term":[{"taxonomy":"category","embeddable":true,"href":"https:\/\/herzogtum-direkt.de\/index.php\/wp-json\/wp\/v2\/categories?post=19417"},{"taxonomy":"post_tag","embeddable":true,"href":"https:\/\/herzogtum-direkt.de\/index.php\/wp-json\/wp\/v2\/tags?post=19417"}],"curies":[{"name":"wp","href":"https:\/\/api.w.org\/{rel}","templated":true}]}}