{"id":19085,"date":"2019-11-21T11:39:29","date_gmt":"2019-11-21T09:39:29","guid":{"rendered":"https:\/\/herzogtum-direkt.de\/?p=19085"},"modified":"2019-11-21T11:39:29","modified_gmt":"2019-11-21T09:39:29","slug":"kernkraftwerk-kruemmel-notstromdieselaggregat-gestartet","status":"publish","type":"post","link":"https:\/\/herzogtum-direkt.de\/index.php\/2019\/11\/21\/kernkraftwerk-kruemmel-notstromdieselaggregat-gestartet\/","title":{"rendered":"Kernkraftwerk Kr\u00fcmmel: Notstromdieselaggregat gestartet"},"content":{"rendered":"<p><strong>Geesthacht (pm).<\/strong> Im Kernkraftwerk Kr\u00fcmmel ist am vergangenen Dienstag (12. November) ein Notstromdieselaggregat gestartet, ohne dass es hierf\u00fcr eine sicherheitstechnische oder betriebliche Veranlassung gegeben hat. Offensichtlich ist der Start des Diesels aufgrund einer fehlerhaften Anregung eines Reaktorschutzsignals innerhalb einer Baugruppe ausgel\u00f6st worden. Nachdem diese Baugruppe nun ausgetauscht worden ist, sind keine Fehlsignale mehr festgestellt worden.<\/p>\n<p>Die Vattenfall-Betreibergesellschaft hat den Zwischenfall der Reaktorsicherheitsbeh\u00f6rde als meldepflichtiges Ereignis der Kategorie \u201eN\u201c (Normalmeldung) angezeigt. Das Ministerium f\u00fcr Energiewende, Landwirtschaft, Umwelt, Natur und Digitalisierung wird als Reaktorsicherheitsbeh\u00f6rde nun Sachverst\u00e4ndige beauftragen, um dieses Ereignis zu bewerten.<\/p>\n<p><strong>Hintergrund<\/strong><\/p>\n<p>Das Reaktorschutzsystem erfasst alle sicherheitsrelevanten Messgr\u00f6\u00dfen und hat die Aufgabe, beim Erreichen von Grenzwerten Reaktorschutzsignale auszul\u00f6sen, die automatisch Schutzaktionen \u2013 wie den Start des Notstromdiesels \u2013 einleiten. Zum Zeitpunkt des ungewollten Starts des Notstromdiesels standen sechs Notstromaggregate zur Verf\u00fcgung. Zur Versorgung der Sicherheitseinrichtungen reichen zwei Notstromaggregate aus.<\/p>\n<p>Das Kernkraftwerk Kr\u00fcmmel ist bereits seit 2009 dauerhaft abgeschaltet und befindet sich im Nachbetrieb. Derzeit werden die Stilllegung und der Abbau vorbereitet.<\/p>\n","protected":false},"excerpt":{"rendered":"<p>Geesthacht (pm). Im Kernkraftwerk Kr\u00fcmmel ist am vergangenen Dienstag (12. November) ein Notstromdieselaggregat gestartet, ohne dass es hierf\u00fcr eine sicherheitstechnische oder betriebliche Veranlassung gegeben hat. Offensichtlich ist der Start des Diesels aufgrund einer fehlerhaften Anregung eines Reaktorschutzsignals innerhalb einer Baugruppe ausgel\u00f6st worden. Nachdem diese Baugruppe nun ausgetauscht worden ist, sind keine Fehlsignale mehr festgestellt worden. [&hellip;]<\/p>\n","protected":false},"author":2,"featured_media":1186,"comment_status":"open","ping_status":"closed","sticky":false,"template":"","format":"standard","meta":{"jnews-multi-image_gallery":[],"jnews_single_post":[],"jnews_primary_category":[],"jnews_social_meta":[],"jnews_override_counter":[],"jnews_post_split":[],"footnotes":""},"categories":[63],"tags":[696,249],"class_list":["post-19085","post","type-post","status-publish","format-standard","has-post-thumbnail","hentry","category-herzogtum-lauenburg","tag-akw-kruemmel","tag-geesthacht"],"_links":{"self":[{"href":"https:\/\/herzogtum-direkt.de\/index.php\/wp-json\/wp\/v2\/posts\/19085","targetHints":{"allow":["GET"]}}],"collection":[{"href":"https:\/\/herzogtum-direkt.de\/index.php\/wp-json\/wp\/v2\/posts"}],"about":[{"href":"https:\/\/herzogtum-direkt.de\/index.php\/wp-json\/wp\/v2\/types\/post"}],"author":[{"embeddable":true,"href":"https:\/\/herzogtum-direkt.de\/index.php\/wp-json\/wp\/v2\/users\/2"}],"replies":[{"embeddable":true,"href":"https:\/\/herzogtum-direkt.de\/index.php\/wp-json\/wp\/v2\/comments?post=19085"}],"version-history":[{"count":1,"href":"https:\/\/herzogtum-direkt.de\/index.php\/wp-json\/wp\/v2\/posts\/19085\/revisions"}],"predecessor-version":[{"id":19086,"href":"https:\/\/herzogtum-direkt.de\/index.php\/wp-json\/wp\/v2\/posts\/19085\/revisions\/19086"}],"wp:featuredmedia":[{"embeddable":true,"href":"https:\/\/herzogtum-direkt.de\/index.php\/wp-json\/wp\/v2\/media\/1186"}],"wp:attachment":[{"href":"https:\/\/herzogtum-direkt.de\/index.php\/wp-json\/wp\/v2\/media?parent=19085"}],"wp:term":[{"taxonomy":"category","embeddable":true,"href":"https:\/\/herzogtum-direkt.de\/index.php\/wp-json\/wp\/v2\/categories?post=19085"},{"taxonomy":"post_tag","embeddable":true,"href":"https:\/\/herzogtum-direkt.de\/index.php\/wp-json\/wp\/v2\/tags?post=19085"}],"curies":[{"name":"wp","href":"https:\/\/api.w.org\/{rel}","templated":true}]}}