{"id":18874,"date":"2019-11-12T06:18:23","date_gmt":"2019-11-12T04:18:23","guid":{"rendered":"https:\/\/herzogtum-direkt.de\/?p=18874"},"modified":"2019-11-14T10:02:13","modified_gmt":"2019-11-14T08:02:13","slug":"kontinuitaet-und-neue-gesichter-die-vorstandswahlen-der-fdp-herzogtum-lauenburg","status":"publish","type":"post","link":"https:\/\/herzogtum-direkt.de\/index.php\/2019\/11\/12\/kontinuitaet-und-neue-gesichter-die-vorstandswahlen-der-fdp-herzogtum-lauenburg\/","title":{"rendered":"Kontinuit\u00e4t und neue Gesichter \u2013 Die Vorstandswahlen der FDP Herzogtum Lauenburg"},"content":{"rendered":"<p><strong>Herzogtum Lauenburg (pm).<\/strong> Die Freien Demokraten im Kreis Herzogtum Lauenburg haben am vergangenen Sonnabend, 9. November 2019, einen neuen Kreisvorstand gew\u00e4hlt. Bei den turnusgem\u00e4\u00dfen Wahlen des Kreisvorstandes wurde der bisherige Kreisvorsitzende Jan Marcus Rossa von \u00fcber 30 anwesenden Mitglieder einstimmig bei einer Enthaltung erneut zum Kreisvorsitzenden gew\u00e4hlt.<\/p>\n<p>\u201eIch freue mich \u00fcber das mir entgegengebrachte Vertrauen und das tolle Wahlergebnis. Wir Freien Demokraten haben heute einen Vorstand mit hochmotivierten Mitgliedern gew\u00e4hlt und ich freue mich darauf, die vor uns liegenden Aufgaben anzugehen. Wir wollen in den n\u00e4chsten zwei Jahren Themenschwerpunkte setzen und stellen das kommende Jahr mit dem Thema \u201aPflege und Gesundheitsversorgung im l\u00e4ndlichen Raum\u2018 in den Mittelpunkt. Wir wollen f\u00fcr eines der dr\u00e4ngenden Probleme unserer Zeit konkrete L\u00f6sungen anbieten.\u201c<\/p>\n<p>Als eine von zwei Stellvertretern wurde Sabine Heringlake aus Buchholz mit ebenfalls nur einer Enthaltung einstimmig best\u00e4tigt. Ihr neuer Kollege wurde Dr. Johannes Baare aus M\u00f6lln, der Holger Kempter abl\u00f6ste. Dieser hatte im Vorfeld auf eine erneute Kandidatur verzichtet. Neu im Vorstand der Freien Demokraten sind neben dem Wentorfer Kristof Jahn als Schriftf\u00fchrer zudem s\u00e4mtliche sechs Beisitzer. Gew\u00e4hlt wurden Judith Gauck, Sabine Angerer und Dr. Ulrike Klees sowie Martin von Zech, Fynn Salamon und Jannes Petereit. Damit sind f\u00fcnfzig Prozent der Beisitzer Frauen. In ihren \u00c4mtern best\u00e4tigt wurde indessen Hartmut Angenendt aus Gro\u00df Gro\u0308nau als Kreisschatzmeister. Daru\u0308ber hinaus bleibt Tim Hamann aus Schwarzenbek Kreisgescha\u0308ftsfu\u0308hrer.<\/p>\n<p>Ein Gru\u00dfwort aus Kiel sprach der schleswig-holsteinische Fraktionsvorsitzende, Christopher Vogt: \u201eWir haben in Kiel schon sehr viel anpacken und umsetzen k\u00f6nnen, vor allem bei der Sanierung und dem Ausbau der Infrastruktur und der St\u00e4rkung der Bildung und des Rechtsstaates. Anders als in Berlin arbeiten wir in der Jamaika-Koalition konstruktiv zusammen und ich hoffe, dass wir uns dies erhalten, wenn es jetzt um die Umsetzung der Kita-Reform oder auch des neuen Polizeigesetzes geht.\u201c<\/p>\n<p>Neben den Neuwahlen wurde au\u00dferdem \u00fcber einen neuen Satzungsentwurf diskutiert. Nach einer lebhaften und interessanten Diskussion wurde die neue Satzung der FDP Herzogtum Lauenburg schlie\u00dflich einstimmig beschlossen.\u201c<\/p>\n","protected":false},"excerpt":{"rendered":"<p>Herzogtum Lauenburg (pm). Die Freien Demokraten im Kreis Herzogtum Lauenburg haben am vergangenen Sonnabend, 9. November 2019, einen neuen Kreisvorstand gew\u00e4hlt. Bei den turnusgem\u00e4\u00dfen Wahlen des Kreisvorstandes wurde der bisherige Kreisvorsitzende Jan Marcus Rossa von \u00fcber 30 anwesenden Mitglieder einstimmig bei einer Enthaltung erneut zum Kreisvorsitzenden gew\u00e4hlt. \u201eIch freue mich \u00fcber das mir entgegengebrachte Vertrauen [&hellip;]<\/p>\n","protected":false},"author":2,"featured_media":18875,"comment_status":"open","ping_status":"closed","sticky":false,"template":"","format":"standard","meta":{"jnews-multi-image_gallery":[],"jnews_single_post":[],"jnews_primary_category":[],"jnews_social_meta":[],"jnews_override_counter":[],"jnews_post_split":[],"footnotes":""},"categories":[63,2],"tags":[227],"class_list":["post-18874","post","type-post","status-publish","format-standard","has-post-thumbnail","hentry","category-herzogtum-lauenburg","category-startseite","tag-fdp"],"_links":{"self":[{"href":"https:\/\/herzogtum-direkt.de\/index.php\/wp-json\/wp\/v2\/posts\/18874","targetHints":{"allow":["GET"]}}],"collection":[{"href":"https:\/\/herzogtum-direkt.de\/index.php\/wp-json\/wp\/v2\/posts"}],"about":[{"href":"https:\/\/herzogtum-direkt.de\/index.php\/wp-json\/wp\/v2\/types\/post"}],"author":[{"embeddable":true,"href":"https:\/\/herzogtum-direkt.de\/index.php\/wp-json\/wp\/v2\/users\/2"}],"replies":[{"embeddable":true,"href":"https:\/\/herzogtum-direkt.de\/index.php\/wp-json\/wp\/v2\/comments?post=18874"}],"version-history":[{"count":1,"href":"https:\/\/herzogtum-direkt.de\/index.php\/wp-json\/wp\/v2\/posts\/18874\/revisions"}],"predecessor-version":[{"id":18876,"href":"https:\/\/herzogtum-direkt.de\/index.php\/wp-json\/wp\/v2\/posts\/18874\/revisions\/18876"}],"wp:featuredmedia":[{"embeddable":true,"href":"https:\/\/herzogtum-direkt.de\/index.php\/wp-json\/wp\/v2\/media\/18875"}],"wp:attachment":[{"href":"https:\/\/herzogtum-direkt.de\/index.php\/wp-json\/wp\/v2\/media?parent=18874"}],"wp:term":[{"taxonomy":"category","embeddable":true,"href":"https:\/\/herzogtum-direkt.de\/index.php\/wp-json\/wp\/v2\/categories?post=18874"},{"taxonomy":"post_tag","embeddable":true,"href":"https:\/\/herzogtum-direkt.de\/index.php\/wp-json\/wp\/v2\/tags?post=18874"}],"curies":[{"name":"wp","href":"https:\/\/api.w.org\/{rel}","templated":true}]}}