{"id":1847,"date":"2018-03-21T08:24:22","date_gmt":"2018-03-21T08:24:22","guid":{"rendered":"https:\/\/herzogtum-direkt.de\/?p=1847"},"modified":"2018-03-22T07:51:13","modified_gmt":"2018-03-22T07:51:13","slug":"fdp-gruendet-ortsverband-in-nusse","status":"publish","type":"post","link":"https:\/\/herzogtum-direkt.de\/index.php\/2018\/03\/21\/fdp-gruendet-ortsverband-in-nusse\/","title":{"rendered":"FDP gr\u00fcndet Ortsverband in Nusse"},"content":{"rendered":"<p><strong>Nusse (pm).<\/strong> Sie wollen Aufbruchstimmung verbreiten, aktiv und zukunftsorientiert mitgestalten, brachliegendes Potential nutzen. Kurz: Sie wollen endlich wieder neues Leben in ihr Heimatdorf bringen. Mit diesen Vors\u00e4tzen stellten sich 2013 erstmals FDP-Mitglieder zur Kommunalwahl in Nusse.<\/p>\n<p>Mit drei Vertretern sitzen die Liberalen seitdem im Gemeinderat der 1.100-Seelen-Gemeinde. \u201eMit gro\u00dfem Erfolg\u201c, sagt Helmut Vogt. Der Fraktionsvorsitzende ist stolz darauf, dass die Gemeindepolitik gemeinsam mit den Nusser B\u00fcrgern in den vergangenen f\u00fcnf Jahren viel Gutes auf den Weg gebracht habe. Die Gr\u00fcndung eines Wirtschaftsausschusses, die Entwicklung und Umsetzung eines neuen Gewerbegebietes und das Bewahren der Nusser Polizeiwache seien nur einige der Verbesserungen, die durch die FDP-Fraktion in Nusse angeregt und durchgesetzt wurden. \u201eDas haben wir nat\u00fcrlich nicht komplett allein geschafft\u201c, sagt Vogt. \u201eAber wir haben durch unser Engagement wichtige Impulse gesetzt und daf\u00fcr gesorgt, dass im Gemeinderat untereinander mehr kommuniziert und konstruktiv zusammen gearbeitet wird. Nur dann kann sich in Nusse auf Dauer etwas ver\u00e4ndern.\u201c<\/p>\n<p>Um die Partei in der Region zu st\u00e4rken und die Kr\u00e4fte auch k\u00fcnftig optimal einzusetzen, gr\u00fcndete die FDP nun einen &#8218;Ortsverband f\u00fcr Nusse und Umgebung&#8216;. \u201eAnderswo l\u00f6sen sich die Ortsverb\u00e4nde der etablierten Parteien leider allzu oft auf und hier entsteht ein neuer. Das ist ein sehr gutes Zeichen\u201c, sagt Christopher Vogt. Der 34-J\u00e4hrige ist seit vergangenem Dezember FDP-Fraktionsvorsitzender im Landtag und als geb\u00fcrtiger Nusser auch in seiner Heimatgemeinde politisch pr\u00e4sent. Vogt freut sich besonders, dass allein die Gr\u00fcndung eines Ortsverbandes spontan zum Beitritt neuer Parteimitglieder gef\u00fchrt hat. \u201eSo kann es gern weitergehen.\u201c<\/p>\n<p>Bei der Gr\u00fcndung des Verbands, der neben Nusse auch die umliegenden Gemeinden einschlie\u00dft, wurde Helmut Vogt einstimmig zum Vorsitzenden gew\u00e4hlt. Gleichberechtigte Stellvertreter sind Judith Gauck aus Ritzerau und Julian Peters aus Wentorf (Amt Sandesneben). Als Schriftf\u00fchrer wurde der Nusser Niels Wunsch gew\u00e4hlt, Verbands-Schatzmeisterin ist Sabine Angerer. Die Restaurantbetreiberin wohnt und arbeitet ebenfalls in Nusse und \u201em\u00f6chte Ideen einbringen und aktiv mitarbeiten\u201c. Sie wolle nicht zu jenen geh\u00f6ren, die &#8211; statt selbst mit anzupacken &#8211; st\u00e4ndig nur jammern. Mit den Zielen der Liberalen k\u00f6nne sie sich am ehesten identifizieren.<\/p>\n<p>Laut des Programms zur Kommunalwahl am 6. Mai 2018 will die FDP Nusse bisher Erreichtes festigen. \u201eDoch es stehen auch neue Punkte auf unserem Plan\u201c, sagt Helmut Vogt. So will sich die Fraktion unter anderem daf\u00fcr einsetzen, dass weiterhin ein umfassendes Kinderbetreuungs- und Schulangebot zur Verf\u00fcgung steht, Mobilit\u00e4t f\u00fcr Jung und Alt gew\u00e4hrleistet wird und die medizinische Versorgung langfristig erhalten bleibt.<\/p>\n","protected":false},"excerpt":{"rendered":"<p>Nusse (pm). Sie wollen Aufbruchstimmung verbreiten, aktiv und zukunftsorientiert mitgestalten, brachliegendes Potential nutzen. Kurz: Sie wollen endlich wieder neues Leben in ihr Heimatdorf bringen. Mit diesen Vors\u00e4tzen stellten sich 2013 erstmals FDP-Mitglieder zur Kommunalwahl in Nusse. Mit drei Vertretern sitzen die Liberalen seitdem im Gemeinderat der 1.100-Seelen-Gemeinde. \u201eMit gro\u00dfem Erfolg\u201c, sagt Helmut Vogt. Der Fraktionsvorsitzende [&hellip;]<\/p>\n","protected":false},"author":2,"featured_media":1850,"comment_status":"open","ping_status":"closed","sticky":false,"template":"","format":"standard","meta":{"jnews-multi-image_gallery":[],"jnews_single_post":[],"jnews_primary_category":[],"jnews_social_meta":[],"jnews_override_counter":[],"jnews_post_split":[],"footnotes":""},"categories":[67,63,2],"tags":[227,359,145,204],"class_list":["post-1847","post","type-post","status-publish","format-standard","has-post-thumbnail","hentry","category-amt-sandesneben-nusse","category-herzogtum-lauenburg","category-startseite","tag-fdp","tag-fdp-nusse","tag-kommunalwahl-2018","tag-nusse"],"_links":{"self":[{"href":"https:\/\/herzogtum-direkt.de\/index.php\/wp-json\/wp\/v2\/posts\/1847","targetHints":{"allow":["GET"]}}],"collection":[{"href":"https:\/\/herzogtum-direkt.de\/index.php\/wp-json\/wp\/v2\/posts"}],"about":[{"href":"https:\/\/herzogtum-direkt.de\/index.php\/wp-json\/wp\/v2\/types\/post"}],"author":[{"embeddable":true,"href":"https:\/\/herzogtum-direkt.de\/index.php\/wp-json\/wp\/v2\/users\/2"}],"replies":[{"embeddable":true,"href":"https:\/\/herzogtum-direkt.de\/index.php\/wp-json\/wp\/v2\/comments?post=1847"}],"version-history":[{"count":1,"href":"https:\/\/herzogtum-direkt.de\/index.php\/wp-json\/wp\/v2\/posts\/1847\/revisions"}],"predecessor-version":[{"id":1848,"href":"https:\/\/herzogtum-direkt.de\/index.php\/wp-json\/wp\/v2\/posts\/1847\/revisions\/1848"}],"wp:featuredmedia":[{"embeddable":true,"href":"https:\/\/herzogtum-direkt.de\/index.php\/wp-json\/wp\/v2\/media\/1850"}],"wp:attachment":[{"href":"https:\/\/herzogtum-direkt.de\/index.php\/wp-json\/wp\/v2\/media?parent=1847"}],"wp:term":[{"taxonomy":"category","embeddable":true,"href":"https:\/\/herzogtum-direkt.de\/index.php\/wp-json\/wp\/v2\/categories?post=1847"},{"taxonomy":"post_tag","embeddable":true,"href":"https:\/\/herzogtum-direkt.de\/index.php\/wp-json\/wp\/v2\/tags?post=1847"}],"curies":[{"name":"wp","href":"https:\/\/api.w.org\/{rel}","templated":true}]}}