{"id":18432,"date":"2019-10-25T09:47:43","date_gmt":"2019-10-25T07:47:43","guid":{"rendered":"https:\/\/herzogtum-direkt.de\/?p=18432"},"modified":"2019-10-25T09:49:24","modified_gmt":"2019-10-25T07:49:24","slug":"von-notz-ehemaligen-innerdeutschen-grenzstreifen-als-naturschutzgebiet-und-gedenkort-erhalten","status":"publish","type":"post","link":"https:\/\/herzogtum-direkt.de\/index.php\/2019\/10\/25\/von-notz-ehemaligen-innerdeutschen-grenzstreifen-als-naturschutzgebiet-und-gedenkort-erhalten\/","title":{"rendered":"Von Notz: Ehemaligen innerdeutschen Grenzstreifen als Naturschutzgebiet und Gedenkort erhalten"},"content":{"rendered":"<p><strong>Berlin\/Herzogtum Lauenburg (pm).<\/strong> Zum Antrag der Gr\u00fcnen Bundestagsfraktion erkl\u00e4rt Konstantin von Notz, schleswig-holsteinischer Bundestagsabgeordneter und stellvertretender Fraktionsvorsitzender von B\u00fcndnis 90\/Die Gr\u00fcnen: &#8222;So schlimm und verheerend Grenze und Mauer waren, so erfreulicher ist das zusammenh\u00e4ngende Gr\u00fcne Band, dass sich dort nun durch Deutschland und Europa zieht. Wir sollten dieses Band als Erinnerung an die schlimme Teilung unseres Landes, unseres Kontinentes und der Welt erhalten und den einmaligen Lebensraum f\u00fcr Tiere und Arten sch\u00fctzen. Unser Ziel ist die Weiterentwicklung &#8211; sowohl als Leuchtturm f\u00fcr den Naturschutz als auch als Erinnerungsort.\u201c<\/p>\n<p>Das gr\u00fcne Band erstreckt sich neben Deutschland durch 23 weitere Staaten und ist \u00fcber 12.500 Kilometer lang, davon liegen ann\u00e4hernd 1.400 Kilometer auf deutschen Boden. Wo fr\u00fcher der Todesstreifen die Menschen trennte, verbindet heute das gemeinsame Engagement f\u00fcr die Natur und das Geschichtsbewusstsein. Schon jetzt ist das gr\u00fcne Band Heimat f\u00fcr zirca 1200 gef\u00e4hrdete Tier- und Pflanzenarten.<\/p>\n<p>Hier finden Sie den entsprechenden <a href=\"https:\/\/www.von-notz.de\/wp-content\/uploads\/2019\/10\/1914382.pdf\" target=\"_blank\" rel=\"noopener noreferrer\">Antrag der Gr\u00fcnen Bundestagsfraktion<\/a>.<\/p>\n","protected":false},"excerpt":{"rendered":"<p>Berlin\/Herzogtum Lauenburg (pm). Zum Antrag der Gr\u00fcnen Bundestagsfraktion erkl\u00e4rt Konstantin von Notz, schleswig-holsteinischer Bundestagsabgeordneter und stellvertretender Fraktionsvorsitzender von B\u00fcndnis 90\/Die Gr\u00fcnen: &#8222;So schlimm und verheerend Grenze und Mauer waren, so erfreulicher ist das zusammenh\u00e4ngende Gr\u00fcne Band, dass sich dort nun durch Deutschland und Europa zieht. Wir sollten dieses Band als Erinnerung an die schlimme Teilung [&hellip;]<\/p>\n","protected":false},"author":2,"featured_media":1186,"comment_status":"open","ping_status":"closed","sticky":false,"template":"","format":"standard","meta":{"jnews-multi-image_gallery":[],"jnews_single_post":[],"jnews_primary_category":[],"jnews_social_meta":[],"jnews_override_counter":[],"jnews_post_split":[],"footnotes":""},"categories":[73],"tags":[1495],"class_list":["post-18432","post","type-post","status-publish","format-standard","has-post-thumbnail","hentry","category-landleute","tag-gruenes-band"],"_links":{"self":[{"href":"https:\/\/herzogtum-direkt.de\/index.php\/wp-json\/wp\/v2\/posts\/18432","targetHints":{"allow":["GET"]}}],"collection":[{"href":"https:\/\/herzogtum-direkt.de\/index.php\/wp-json\/wp\/v2\/posts"}],"about":[{"href":"https:\/\/herzogtum-direkt.de\/index.php\/wp-json\/wp\/v2\/types\/post"}],"author":[{"embeddable":true,"href":"https:\/\/herzogtum-direkt.de\/index.php\/wp-json\/wp\/v2\/users\/2"}],"replies":[{"embeddable":true,"href":"https:\/\/herzogtum-direkt.de\/index.php\/wp-json\/wp\/v2\/comments?post=18432"}],"version-history":[{"count":2,"href":"https:\/\/herzogtum-direkt.de\/index.php\/wp-json\/wp\/v2\/posts\/18432\/revisions"}],"predecessor-version":[{"id":18434,"href":"https:\/\/herzogtum-direkt.de\/index.php\/wp-json\/wp\/v2\/posts\/18432\/revisions\/18434"}],"wp:featuredmedia":[{"embeddable":true,"href":"https:\/\/herzogtum-direkt.de\/index.php\/wp-json\/wp\/v2\/media\/1186"}],"wp:attachment":[{"href":"https:\/\/herzogtum-direkt.de\/index.php\/wp-json\/wp\/v2\/media?parent=18432"}],"wp:term":[{"taxonomy":"category","embeddable":true,"href":"https:\/\/herzogtum-direkt.de\/index.php\/wp-json\/wp\/v2\/categories?post=18432"},{"taxonomy":"post_tag","embeddable":true,"href":"https:\/\/herzogtum-direkt.de\/index.php\/wp-json\/wp\/v2\/tags?post=18432"}],"curies":[{"name":"wp","href":"https:\/\/api.w.org\/{rel}","templated":true}]}}