{"id":18313,"date":"2019-10-21T09:11:42","date_gmt":"2019-10-21T07:11:42","guid":{"rendered":"https:\/\/herzogtum-direkt.de\/?p=18313"},"modified":"2019-10-21T09:11:42","modified_gmt":"2019-10-21T07:11:42","slug":"themenabend-fuer-pflegeeltern","status":"publish","type":"post","link":"https:\/\/herzogtum-direkt.de\/index.php\/2019\/10\/21\/themenabend-fuer-pflegeeltern\/","title":{"rendered":"Themenabend f\u00fcr Pflegeeltern"},"content":{"rendered":"<p><strong>M\u00f6lln (pm).<\/strong> Die Kreisgruppe KiAP- Herzogtum Lauenburg ev. l\u00e4dt Pflege \u2013 und Adoptiveltern, sowie alle Interessierten zum Themenabend \u201e\u00dcberblick \u00fcber das Teilhaberecht\u201c ein. Dieser Abend soll \u00fcber M\u00f6glichkeiten, Hilfen und Unterst\u00fctzung im Alltag mit Kindern und deren besonderen Bedarfen informieren.<\/p>\n<p>Oft wird der Alltag mit Pflege- oder Adoptivkindern als gro\u00dfe Herausforderung empfunden und die Kenntnis \u00fcber Unterst\u00fctzungsm\u00f6glichkeiten fehlt.\u00a0 Marion Praszler, Beratungsstelle f\u00fcr Menschen mit Behinderung und deren Angeh\u00f6rige der Vorwerker Diakonie in Ratzeburg, wird den Themenabend am Donnerstag, 24. Oktober 2019, um 19.30 Uhr in den R\u00e4umen von KIBIS im Wasserkr\u00fcger Weg 7 gestalten. Sie wird an diesem Tag einen \u201e\u00dcberblick \u00fcber das Teilhaberecht\u201c geben. Dies betrifft Adoptiv \u2013 und Pflegekinder mit Beeintr\u00e4chtigungen, aber auch jene, mit besonderem F\u00f6rder &#8211; oder Unterst\u00fctzungsbedarf. Hier besonders minderj\u00e4hrige Pflegekinder, die in der Eingliederungshilfe verortet sind und mit dem 18. Geburtstag offiziell nicht mehr vom Jugendamt betreut werden.<\/p>\n<p>Anmeldung und weitere Informationen bei Marlis Peters unter der Telefonnummer 04536-9979264 oder per Email an <a href=\"mailto:M.Peters@KiAP-Herzogtum-Lauenburg.de\">M.Peters@KiAP-Herzogtum-Lauenburg.de<\/a>.<\/p>\n","protected":false},"excerpt":{"rendered":"<p>M\u00f6lln (pm). Die Kreisgruppe KiAP- Herzogtum Lauenburg ev. l\u00e4dt Pflege \u2013 und Adoptiveltern, sowie alle Interessierten zum Themenabend \u201e\u00dcberblick \u00fcber das Teilhaberecht\u201c ein. Dieser Abend soll \u00fcber M\u00f6glichkeiten, Hilfen und Unterst\u00fctzung im Alltag mit Kindern und deren besonderen Bedarfen informieren. Oft wird der Alltag mit Pflege- oder Adoptivkindern als gro\u00dfe Herausforderung empfunden und die Kenntnis [&hellip;]<\/p>\n","protected":false},"author":2,"featured_media":1186,"comment_status":"open","ping_status":"closed","sticky":false,"template":"","format":"standard","meta":{"jnews-multi-image_gallery":[],"jnews_single_post":[],"jnews_primary_category":[],"jnews_social_meta":[],"jnews_override_counter":[],"jnews_post_split":[],"footnotes":""},"categories":[63,66],"tags":[616],"class_list":["post-18313","post","type-post","status-publish","format-standard","has-post-thumbnail","hentry","category-herzogtum-lauenburg","category-moelln","tag-adoptiv-und-pflegeeltern"],"_links":{"self":[{"href":"https:\/\/herzogtum-direkt.de\/index.php\/wp-json\/wp\/v2\/posts\/18313","targetHints":{"allow":["GET"]}}],"collection":[{"href":"https:\/\/herzogtum-direkt.de\/index.php\/wp-json\/wp\/v2\/posts"}],"about":[{"href":"https:\/\/herzogtum-direkt.de\/index.php\/wp-json\/wp\/v2\/types\/post"}],"author":[{"embeddable":true,"href":"https:\/\/herzogtum-direkt.de\/index.php\/wp-json\/wp\/v2\/users\/2"}],"replies":[{"embeddable":true,"href":"https:\/\/herzogtum-direkt.de\/index.php\/wp-json\/wp\/v2\/comments?post=18313"}],"version-history":[{"count":1,"href":"https:\/\/herzogtum-direkt.de\/index.php\/wp-json\/wp\/v2\/posts\/18313\/revisions"}],"predecessor-version":[{"id":18314,"href":"https:\/\/herzogtum-direkt.de\/index.php\/wp-json\/wp\/v2\/posts\/18313\/revisions\/18314"}],"wp:featuredmedia":[{"embeddable":true,"href":"https:\/\/herzogtum-direkt.de\/index.php\/wp-json\/wp\/v2\/media\/1186"}],"wp:attachment":[{"href":"https:\/\/herzogtum-direkt.de\/index.php\/wp-json\/wp\/v2\/media?parent=18313"}],"wp:term":[{"taxonomy":"category","embeddable":true,"href":"https:\/\/herzogtum-direkt.de\/index.php\/wp-json\/wp\/v2\/categories?post=18313"},{"taxonomy":"post_tag","embeddable":true,"href":"https:\/\/herzogtum-direkt.de\/index.php\/wp-json\/wp\/v2\/tags?post=18313"}],"curies":[{"name":"wp","href":"https:\/\/api.w.org\/{rel}","templated":true}]}}