{"id":18064,"date":"2019-10-10T09:59:50","date_gmt":"2019-10-10T07:59:50","guid":{"rendered":"https:\/\/herzogtum-direkt.de\/?p=18064"},"modified":"2019-10-10T09:59:50","modified_gmt":"2019-10-10T07:59:50","slug":"vortrag-zu-spiritual-care","status":"publish","type":"post","link":"https:\/\/herzogtum-direkt.de\/index.php\/2019\/10\/10\/vortrag-zu-spiritual-care\/","title":{"rendered":"Vortrag zu &#8218;Spiritual Care&#8216;"},"content":{"rendered":"<p><strong>Ratzeburg (pm).<\/strong> Der Begriff \u201eSpiritual Care\u201c hat Karriere gemacht. Warum? In ihm b\u00fcndeln sich zweierlei Anliegen und Erkenntnisse, die in j\u00fcngster Zeit merklich an Gewicht gewonnen und Verbreitung gefunden haben. Einerseits: In der psychosozialen und gesundheitlichen Versorgung sind verschiedene Bed\u00fcrfnisse zu beachten.<\/p>\n<p>Andererseits: Die Lage ist inzwischen durch vermehrte religi\u00f6se und weltanschauliche Pluralit\u00e4t und religi\u00f6se Unbestimmtheit des Erlebens der Individuen gekennzeichnet. Die Rede vom Spirituellen umfasst dann alles, was mit Sinn- und Identit\u00e4tsfragen zu tun hat. Alles, was die Funktion der Sinnthematisierung und Ohnmachtsbew\u00e4ltigung erf\u00fcllt, also Religion, aber eben nicht nur sie, kann als spirituell gelten.<\/p>\n<p>In der Palliativmedizin und Sterbebegleitung hat sich die Erkenntnis durchgesetzt, dass der Bedarf an Spiritualit\u00e4t und die F\u00fcrsorge f\u00fcr diese Dimension eine vierte S\u00e4ule neben der medizinischen, sozialen und psychologischen Dimension des angemessenen Handelns darstellt.<\/p>\n<p>Die Hospizgruppe Ratzeburg M\u00f6lln und Umgebung l\u00e4dt alle Interessierten zu einem offenen Gespr\u00e4chsabend zu diesem Thema am Mittwoch, 16. Oktober 2019, von 19 bis 21 Uhr\u00a0 im AMEOS Seniorenwohnsitz in Ratzeburg, Schmilauer Stra\u00dfe 108, ein. Als Einstieg in das Thema wird Hartmut Ast aus seiner langj\u00e4hrigen Erfahrung im Umgang mit dem Thema Spiritual Care berichten. Hartmut Ast hat viele Jahre unter anderem im Kinderhospiz Sternenbr\u00fccke in Hamburg gearbeitet und sich intensiv mit dem Thema &#8222;Spiritual Care&#8220; besch\u00e4ftigt.<\/p>\n<p>Aktuelle und weitere Informationen finden sich auch unter <a href=\"https:\/\/www.hospiz-rz.de\" target=\"_blank\" rel=\"noopener noreferrer\">https:\/\/www.hospiz-rz.de<\/a><\/p>\n","protected":false},"excerpt":{"rendered":"<p>Ratzeburg (pm). Der Begriff \u201eSpiritual Care\u201c hat Karriere gemacht. Warum? In ihm b\u00fcndeln sich zweierlei Anliegen und Erkenntnisse, die in j\u00fcngster Zeit merklich an Gewicht gewonnen und Verbreitung gefunden haben. Einerseits: In der psychosozialen und gesundheitlichen Versorgung sind verschiedene Bed\u00fcrfnisse zu beachten. Andererseits: Die Lage ist inzwischen durch vermehrte religi\u00f6se und weltanschauliche Pluralit\u00e4t und religi\u00f6se [&hellip;]<\/p>\n","protected":false},"author":2,"featured_media":1186,"comment_status":"open","ping_status":"closed","sticky":false,"template":"","format":"standard","meta":{"jnews-multi-image_gallery":[],"jnews_single_post":[],"jnews_primary_category":[],"jnews_social_meta":[],"jnews_override_counter":[],"jnews_post_split":[],"footnotes":""},"categories":[75],"tags":[2295,1713,959],"class_list":["post-18064","post","type-post","status-publish","format-standard","has-post-thumbnail","hentry","category-gesundheit","tag-hospiz","tag-hospizarbeit","tag-hospizgruppe-ratzeburg"],"_links":{"self":[{"href":"https:\/\/herzogtum-direkt.de\/index.php\/wp-json\/wp\/v2\/posts\/18064","targetHints":{"allow":["GET"]}}],"collection":[{"href":"https:\/\/herzogtum-direkt.de\/index.php\/wp-json\/wp\/v2\/posts"}],"about":[{"href":"https:\/\/herzogtum-direkt.de\/index.php\/wp-json\/wp\/v2\/types\/post"}],"author":[{"embeddable":true,"href":"https:\/\/herzogtum-direkt.de\/index.php\/wp-json\/wp\/v2\/users\/2"}],"replies":[{"embeddable":true,"href":"https:\/\/herzogtum-direkt.de\/index.php\/wp-json\/wp\/v2\/comments?post=18064"}],"version-history":[{"count":1,"href":"https:\/\/herzogtum-direkt.de\/index.php\/wp-json\/wp\/v2\/posts\/18064\/revisions"}],"predecessor-version":[{"id":18065,"href":"https:\/\/herzogtum-direkt.de\/index.php\/wp-json\/wp\/v2\/posts\/18064\/revisions\/18065"}],"wp:featuredmedia":[{"embeddable":true,"href":"https:\/\/herzogtum-direkt.de\/index.php\/wp-json\/wp\/v2\/media\/1186"}],"wp:attachment":[{"href":"https:\/\/herzogtum-direkt.de\/index.php\/wp-json\/wp\/v2\/media?parent=18064"}],"wp:term":[{"taxonomy":"category","embeddable":true,"href":"https:\/\/herzogtum-direkt.de\/index.php\/wp-json\/wp\/v2\/categories?post=18064"},{"taxonomy":"post_tag","embeddable":true,"href":"https:\/\/herzogtum-direkt.de\/index.php\/wp-json\/wp\/v2\/tags?post=18064"}],"curies":[{"name":"wp","href":"https:\/\/api.w.org\/{rel}","templated":true}]}}