{"id":17944,"date":"2019-10-05T10:21:16","date_gmt":"2019-10-05T08:21:16","guid":{"rendered":"https:\/\/herzogtum-direkt.de\/?p=17944"},"modified":"2019-10-05T10:21:16","modified_gmt":"2019-10-05T08:21:16","slug":"volle-kraft-fuer-europa-kreisverband-der-europa-union-gegruendet","status":"publish","type":"post","link":"https:\/\/herzogtum-direkt.de\/index.php\/2019\/10\/05\/volle-kraft-fuer-europa-kreisverband-der-europa-union-gegruendet\/","title":{"rendered":"Volle Kraft f\u00fcr Europa: Kreisverband der Europa-Union gegr\u00fcndet"},"content":{"rendered":"<p><strong>Herzogtum Lauenburg (pm).<\/strong> Ende September trafen sich die ersten Mitbegr\u00fcnder der Europa Union, um im Herzogtum Lauenburg einen Kreisverband zu gr\u00fcnden. Unter professioneller Sitzungsleitung des Landesvorsitzenden Uwe D\u00f6ring wurden Wahlen durchgef\u00fchrt und eine entsprechende Satzung verabschiedet.<\/p>\n<p>\u201eDas war erst der Auftakt. K\u00fcnftig wollen wir partei\u00fcbergreifend Vorschl\u00e4ge und Forderungen aufgreifen, um den europ\u00e4ischen Gedanken einer solidarischen Gemeinschaft auch in unserem Kreis umzusetzen\u201c, so die neue Kreisvorsitzende Gitta Neemann-G\u00fcntner, \u201eNur partei\u00fcbergreifend k\u00f6nnen wir stark sein und uns eine breite Akzeptanz verschaffen, daher suchen wir nun Akteure, die uns bei unseren gemeinsamen Zielen unterst\u00fctzen.\u201c<\/p>\n<p>Als Stellvertreterin wurde die Schwarzenbeker B\u00fcrgermeisterin Ute Borchers-Seelig gew\u00e4hlt, Beisitzer sind Kirsten Patzke aus M\u00f6lln, der Wentorfer B\u00fcrgermeister Dirk Petersen, M\u00f6llns B\u00fcrgermeister Jan Wiegels und Kassenwart ist Franz Kubelke aus Schwarzenbek. Weitere Interessenten haben ihr Mitwirken bereits signalisiert, hatten nur Terminschwierigkeiten.<\/p>\n<p>&#8222;Europa f\u00e4ngt im Kleinen an \u2013 so auch im Herzogtum Lauenburg. Wir wollen insbesondere junge Leute motivieren, sich f\u00fcr Europa stark zu machen und werden l\u00e4nder\u00fcbergreifend Kontakte kn\u00fcpfen, um weitere Verbr\u00fcderungen und Kooperationen mit weiteren europ\u00e4ischen Regionen anzuschieben. Nur durch pers\u00f6nliche Kontakte k\u00f6nnen wir voneinander lernen, uns austauschen und europaweit Frieden, Freiheit, Stabilit\u00e4t, soziale Sicherheit und eine lebenswerte Umwelt schaffen und erhalten&#8220;, so die Aussage des neuen Kreisverbands. Bei Interesse melden Sie sich bitte an <a href=\"mailto:neemann-guentner@t-online.de\">neemann-guentner@t-online.de<\/a>.<\/p>\n","protected":false},"excerpt":{"rendered":"<p>Herzogtum Lauenburg (pm). Ende September trafen sich die ersten Mitbegr\u00fcnder der Europa Union, um im Herzogtum Lauenburg einen Kreisverband zu gr\u00fcnden. Unter professioneller Sitzungsleitung des Landesvorsitzenden Uwe D\u00f6ring wurden Wahlen durchgef\u00fchrt und eine entsprechende Satzung verabschiedet. \u201eDas war erst der Auftakt. K\u00fcnftig wollen wir partei\u00fcbergreifend Vorschl\u00e4ge und Forderungen aufgreifen, um den europ\u00e4ischen Gedanken einer solidarischen [&hellip;]<\/p>\n","protected":false},"author":2,"featured_media":17945,"comment_status":"open","ping_status":"closed","sticky":false,"template":"","format":"standard","meta":{"jnews-multi-image_gallery":[],"jnews_single_post":[],"jnews_primary_category":[],"jnews_social_meta":[],"jnews_override_counter":[],"jnews_post_split":[],"footnotes":""},"categories":[63],"tags":[1079,2508,1538],"class_list":["post-17944","post","type-post","status-publish","format-standard","has-post-thumbnail","hentry","category-herzogtum-lauenburg","tag-europa","tag-europa-union","tag-europaeische-union"],"_links":{"self":[{"href":"https:\/\/herzogtum-direkt.de\/index.php\/wp-json\/wp\/v2\/posts\/17944","targetHints":{"allow":["GET"]}}],"collection":[{"href":"https:\/\/herzogtum-direkt.de\/index.php\/wp-json\/wp\/v2\/posts"}],"about":[{"href":"https:\/\/herzogtum-direkt.de\/index.php\/wp-json\/wp\/v2\/types\/post"}],"author":[{"embeddable":true,"href":"https:\/\/herzogtum-direkt.de\/index.php\/wp-json\/wp\/v2\/users\/2"}],"replies":[{"embeddable":true,"href":"https:\/\/herzogtum-direkt.de\/index.php\/wp-json\/wp\/v2\/comments?post=17944"}],"version-history":[{"count":1,"href":"https:\/\/herzogtum-direkt.de\/index.php\/wp-json\/wp\/v2\/posts\/17944\/revisions"}],"predecessor-version":[{"id":17946,"href":"https:\/\/herzogtum-direkt.de\/index.php\/wp-json\/wp\/v2\/posts\/17944\/revisions\/17946"}],"wp:featuredmedia":[{"embeddable":true,"href":"https:\/\/herzogtum-direkt.de\/index.php\/wp-json\/wp\/v2\/media\/17945"}],"wp:attachment":[{"href":"https:\/\/herzogtum-direkt.de\/index.php\/wp-json\/wp\/v2\/media?parent=17944"}],"wp:term":[{"taxonomy":"category","embeddable":true,"href":"https:\/\/herzogtum-direkt.de\/index.php\/wp-json\/wp\/v2\/categories?post=17944"},{"taxonomy":"post_tag","embeddable":true,"href":"https:\/\/herzogtum-direkt.de\/index.php\/wp-json\/wp\/v2\/tags?post=17944"}],"curies":[{"name":"wp","href":"https:\/\/api.w.org\/{rel}","templated":true}]}}