{"id":17686,"date":"2019-09-25T12:35:02","date_gmt":"2019-09-25T10:35:02","guid":{"rendered":"https:\/\/herzogtum-direkt.de\/?p=17686"},"modified":"2019-09-25T12:35:02","modified_gmt":"2019-09-25T10:35:02","slug":"nachhaltige-ideen-fuer-die-zukunft","status":"publish","type":"post","link":"https:\/\/herzogtum-direkt.de\/index.php\/2019\/09\/25\/nachhaltige-ideen-fuer-die-zukunft\/","title":{"rendered":"Nachhaltige Ideen f\u00fcr die Zukunft"},"content":{"rendered":"<p><strong>Ratzeburg (aa).<\/strong> Am vergangenen Freitag (20. September) fand der dritte globale Klimastreik von \u201eFridays for Future\u201c statt. Rund um den Globus waren etwa 1,4 Millionen Menschen bei den Protesten dabei, deutschlandweit gingen Hunderttausende auf die Stra\u00dfe. W\u00e4hrend unter anderem in Hamburg und L\u00fcbeck gestreikt wurde, feierten die Sch\u00fcler der Lauenburgischen Gelehrtenschule den Abschluss einer sehr konstruktiven Projekt zum Thema \u201eNachhaltigkeit\u201c.<\/p>\n<p>\u201eDass der Abschluss unserer Projektwoche nun am gleichen Tag wie die \u201aFridays for Future\u2018-Demos ist, ist Zufall\u201c, erkl\u00e4rt Schulleiter Thomas Engelbrecht. So h\u00e4tten die Planungen einen langen Vorlauf gehabt und der Termin stand entsprechend lange vor dem Bekanntwerden des Termins zum dritten globalen Klimastreik fest. \u201eWir hatten einen Termin gesucht, wo die ganze Schule Zeit hat\u201c, erg\u00e4nzt Lehrer Christian Reisser, \u201eWir hatten auch eine Abschlussdemo erwogen.\u201c Das w\u00e4re aber nicht auch noch zu leisten gewesen. Die Projektwoche wurde schon Sch\u00fclern, Lehrern und Eltern gemeinsam und viel Einsatz auf die Beine gestellt.<\/p>\n<p>Statt einer Demo gab es am Freitag in der Schule einen \u201eMarkt der M\u00f6glichkeiten\u201c zu sehen. Die zahlreichen Projekte waren jeweils altersgerecht ausgelegt und behandelten Themenbereiche \u201eEnergie\u201c, \u201eKlima\u201c, sowie soziale und politische Bildung. So erkundeten zum Beispiel F\u00fcnftkl\u00e4ssler den Kosmos des benachbarten Fuchswaldes, in Kochkursen wurden Fair Trade eingekauft und die Hintergr\u00fcnde von Fair Trade behandelt. Es wurden Insektenhotels gebaut, eine Kleidertauschb\u00f6rse organisiert sowie ein World-Caf\u00e9, in dem die Sch\u00fcler mit Vertretern verschiedener Umwelt-Verb\u00e4nde ins Gespr\u00e4ch kommen konnten. Ein Drittel dieser und vieler weiterer Projektideen kam aus der Sch\u00fclerschaft selbst.<\/p>\n<p>Neben der allgemeinen Projektwoche, die \u00fcber drei Tage ging, waren eine Klasse des neunten und eine des zehnten Jahrgangs. Sie entwickelten \u00fcber f\u00fcnf Tage eigene Projektideen in Zusammenarbeit mit dem Institut f\u00fcr Vernetztes Denken Bredeneek (IfVD), die im Rahmen einer Pr\u00e4sentation auf der B\u00fchne der Aula zahlreichen Publikum aus Politik, Wirtschaft und Verwaltung vorgestellt wurde. \u201eIch bin unheimlich stolz, dass wir uns an unserer Schule in dieser Intensit\u00e4t mit diesem Thema einandersetzen. Ich w\u00fcnsche mir, dass das Thema nachhaltig weiter in unseren K\u00f6pfen pr\u00e4sent bleibt\u201c, leitete Engelbrecht die Vorf\u00fchrung ein.<\/p>\n<p>\u201eWir k\u00f6nnen unseren Jugendlichen viel mehr zutrauen, als wir es tun. Die Jugend ist eine Macht und kann viel umsetzen. Aber wir brauchen alle f\u00fcr die Umsetzung\u201c, erkl\u00e4rte Projektleiter Hans-Werner Hansen vom IfVD, bevor er das Mikro an die Sch\u00fcler \u00fcbergab. Neun Projektgruppen stellten im Folgenden ihre Ergebnisse vor. Die Ideen reichten von nachhaltigen Schulwegen mit einem verbesserten \u00d6PNV und einem besseren Radwegenetz in Ratzeburg, \u00fcber nachhaltige Ern\u00e4hrung. Hier soll unter anderem k\u00fcnftig ein Bestellsystem in der LG-Mensa die Planung der Menge ans Lebensmitteln steuern. Bis hin zu Abfallvermeidung und Fassadenbegr\u00fcnung in und an der Schule. Die einzelnen Vorschl\u00e4ge waren dabei gr\u00f6\u00dftenteils schon sehr detailreich und auf ihre finanzielle Machbarkeit gepr\u00fcft. Zahlreiche Ideen br\u00e4uchten Sponsoren und Anschubfinanzierungen, es gab aber auch Gegenfinanzierungen durch Einsparungen an anderer Stelle. So sieht ein Plan vor durch Abfallvemeidung und M\u00fclltrennung k\u00fcnftig einen Restm\u00fcllcontainer an der Schule einzusparen. Die dadurch j\u00e4hrlich vermiedenen Kosten in vierstelliger H\u00f6he k\u00f6nnten genutzt werden, um dann die j\u00e4hrlich neuen f\u00fcnften Klassen mit Metallflaschen auszustatten. Damit soll der Einsatz von Plastikflaschen reduziert werden.<\/p>\n<p>Zum Abschluss stellten die Sch\u00fcler noch die Frage an die anwesende Lokalprominenz, wie diese zu den Projektideen stehen. \u201eIch fand das eben sehr eindrucksvoll. Vieles ist schon in der Diskussion, aber wir k\u00f6nnen auf Einzelprojekte gerne eingehen\u201c, antwortete Kreispr\u00e4sident Meinhard F\u00fcllner, der die Sch\u00fcler zu Diskussionen mit den jeweiligen Fachbereichsleitern der Kreisverwaltung einlud.<\/p>\n<p>Dennis Kissel, Gesch\u00e4ftsf\u00fchrer der AWSH Abfallwirtschaft S\u00fcdholstein GmbH, gab zu bedenken, dass viele gute Ideen eine Verhaltens\u00e4nderung der Menschen beinhalten. Aber das fiele uns total schwer. Aber auch Kissel ermutigte die Sch\u00fcler ihre Ideen und Forderungen weiter zuverfolgen. \u201eNervt uns!\u201c, so sein Appell an die Jugend. Ein Vertreter der Gesellschaft f\u00fcr Energie und Klimaschutz Schleswig-Holstein stellte rund 5.000 Euro zur Projektf\u00f6rderung in Aussicht, ebenso so lud ein Vertreter der Kreissparkasse die Sch\u00fcler ein, sich zum Thema F\u00f6rderung bei der Bank zu melden. \u201eWas ich heute geh\u00f6rt habe, sind gute und f\u00f6rderf\u00e4hige Ans\u00e4tze\u201c, betonte zudem J\u00fcrgen Wittekind, von der AktivRegion Nord.<\/p>\n<p>So bleibt es spannend und abzuwarten, wieviel Energie die Sch\u00fcler aus dieser Projektwoche mitnehmen, ob die Umsetzung einiger Ideen tats\u00e4chlich gelingt und wie offen die T\u00fcren in Politik, Wirtschaft und Verwaltung dabei tats\u00e4chlich sein werden.<\/p>\n","protected":false},"excerpt":{"rendered":"<p>Ratzeburg (aa). Am vergangenen Freitag (20. September) fand der dritte globale Klimastreik von \u201eFridays for Future\u201c statt. Rund um den Globus waren etwa 1,4 Millionen Menschen bei den Protesten dabei, deutschlandweit gingen Hunderttausende auf die Stra\u00dfe. W\u00e4hrend unter anderem in Hamburg und L\u00fcbeck gestreikt wurde, feierten die Sch\u00fcler der Lauenburgischen Gelehrtenschule den Abschluss einer sehr [&hellip;]<\/p>\n","protected":false},"author":6,"featured_media":17687,"comment_status":"open","ping_status":"closed","sticky":false,"template":"","format":"standard","meta":{"jnews-multi-image_gallery":[],"jnews_single_post":[],"jnews_primary_category":[],"jnews_social_meta":[],"jnews_override_counter":[],"jnews_post_split":[],"footnotes":""},"categories":[63,74,64],"tags":[2086,1826,971],"class_list":["post-17686","post","type-post","status-publish","format-standard","has-post-thumbnail","hentry","category-herzogtum-lauenburg","category-jugend-direkt","category-ratzeburg","tag-fridays-for-future","tag-klimaerwaermung","tag-lauenburgische-gelehrtenschule"],"_links":{"self":[{"href":"https:\/\/herzogtum-direkt.de\/index.php\/wp-json\/wp\/v2\/posts\/17686","targetHints":{"allow":["GET"]}}],"collection":[{"href":"https:\/\/herzogtum-direkt.de\/index.php\/wp-json\/wp\/v2\/posts"}],"about":[{"href":"https:\/\/herzogtum-direkt.de\/index.php\/wp-json\/wp\/v2\/types\/post"}],"author":[{"embeddable":true,"href":"https:\/\/herzogtum-direkt.de\/index.php\/wp-json\/wp\/v2\/users\/6"}],"replies":[{"embeddable":true,"href":"https:\/\/herzogtum-direkt.de\/index.php\/wp-json\/wp\/v2\/comments?post=17686"}],"version-history":[{"count":1,"href":"https:\/\/herzogtum-direkt.de\/index.php\/wp-json\/wp\/v2\/posts\/17686\/revisions"}],"predecessor-version":[{"id":17688,"href":"https:\/\/herzogtum-direkt.de\/index.php\/wp-json\/wp\/v2\/posts\/17686\/revisions\/17688"}],"wp:featuredmedia":[{"embeddable":true,"href":"https:\/\/herzogtum-direkt.de\/index.php\/wp-json\/wp\/v2\/media\/17687"}],"wp:attachment":[{"href":"https:\/\/herzogtum-direkt.de\/index.php\/wp-json\/wp\/v2\/media?parent=17686"}],"wp:term":[{"taxonomy":"category","embeddable":true,"href":"https:\/\/herzogtum-direkt.de\/index.php\/wp-json\/wp\/v2\/categories?post=17686"},{"taxonomy":"post_tag","embeddable":true,"href":"https:\/\/herzogtum-direkt.de\/index.php\/wp-json\/wp\/v2\/tags?post=17686"}],"curies":[{"name":"wp","href":"https:\/\/api.w.org\/{rel}","templated":true}]}}