{"id":17627,"date":"2019-09-24T06:14:06","date_gmt":"2019-09-24T04:14:06","guid":{"rendered":"https:\/\/herzogtum-direkt.de\/?p=17627"},"modified":"2019-09-24T09:25:51","modified_gmt":"2019-09-24T07:25:51","slug":"guter-start-in-die-cyclocross-saison","status":"publish","type":"post","link":"https:\/\/herzogtum-direkt.de\/index.php\/2019\/09\/24\/guter-start-in-die-cyclocross-saison\/","title":{"rendered":"Guter Start in die Cyclocross Saison"},"content":{"rendered":"<p><strong>M\u00f6lln (pm).<\/strong> Die Saison der Stra\u00dfen Radrennen neigt sich langsam den Ende zu, da geht die Saison des Cyclocross schon richtig los: Mit der Serie des Stevens Cross Cup 19\/20 sind wieder zehn Rennen im norddeutschen Raum aufgelegt, wovon die ersten beiden am einem Wochenende schon traditionell in M\u00f6lln auf dem Gel\u00e4nde des MSC ausgetragen werden.<\/p>\n<p>Dabei ist das Rad der Wahl ein Cyclocrosser, der fast so aussieht wie ein Rennrad f\u00fcr die Stra\u00dfe. Dieser verf\u00fcgt jedoch \u00fcber etwas breitere Reifen mit groben Profil und eine anders abgestufte Schaltung, damit man auch die steilen, kurzen Anstiege hochkommt.<\/p>\n<p>Mit eben solch einem Rad haben sich unsere vier Cross Spezialisten Lars (9), Silas und Kai (16), sowie Max (18) auf den trockenen, sandigen und staubigen Kurs begeben. Bei bestem Sp\u00e4tsommerwetter (also KEIN Crosswetter, da muss es nass, kalt und dreckig sein) preschten sie um den Rundkurs.<\/p>\n<p>Lars hatte noch ein wenig Respekt von den schon steilen Abfahrten, was sich am zweiten Tag jedoch direkt legte und so fuhr er prompt auf Platz drei. Silas und Kai fuhren ihr erstes Rennen in der h\u00f6heren Altersklasse U19 und k\u00e4mpften mit Wetter, Material und noch nicht vollst\u00e4ndig ausgeheilten Verletzungen.<\/p>\n<p>Max hingegen zeigte sich unbeeindruckt und fuhr sensationelle Rennen. Im Ersten Lauf auf Platz f\u00fcnf und im zweiten ganz knapp am Podium vorbei auf Platz vier. Das ist wirklich stark, bedenkt man, das er mit Abstand der j\u00fcngste Starter im Feld der \u00dc18 Hobby Klasse ist!<\/p>\n<p>Mit dem dritten Lauf geht es am kommenden Sonntag in Kaltenkirchen direkt weiter. Dabei kann wirklich jeder mitfahren, da es genug Altersklassen gibt, in denen sich auch ambitionierte Hobby Fahrer wiederfinden. Von U11 bis \u00dc50 ist alles dabei. &#8222;Unsere Jungs sind schon m\u00e4chtig angefixt und haben es auf den Gesamtsieg abgesehen, der Ende Januar dann verk\u00fcndet wird. Da wird es erneut hochwertige Sachpreise und Pr\u00e4mien geben&#8220;, berichtet Carsten Lippitsch, 1. Vorsitzender Racing Team Herzogtum-Lauenburg.<\/p>\n","protected":false},"excerpt":{"rendered":"<p>M\u00f6lln (pm). Die Saison der Stra\u00dfen Radrennen neigt sich langsam den Ende zu, da geht die Saison des Cyclocross schon richtig los: Mit der Serie des Stevens Cross Cup 19\/20 sind wieder zehn Rennen im norddeutschen Raum aufgelegt, wovon die ersten beiden am einem Wochenende schon traditionell in M\u00f6lln auf dem Gel\u00e4nde des MSC ausgetragen [&hellip;]<\/p>\n","protected":false},"author":2,"featured_media":17628,"comment_status":"open","ping_status":"closed","sticky":false,"template":"","format":"standard","meta":{"jnews-multi-image_gallery":[],"jnews_single_post":[],"jnews_primary_category":[],"jnews_social_meta":[],"jnews_override_counter":[],"jnews_post_split":[],"footnotes":""},"categories":[71,2],"tags":[2494,1529,1453],"class_list":["post-17627","post","type-post","status-publish","format-standard","has-post-thumbnail","hentry","category-sport","category-startseite","tag-cyclocross","tag-racing-team-herzogtum-lauenburg","tag-radrennen"],"_links":{"self":[{"href":"https:\/\/herzogtum-direkt.de\/index.php\/wp-json\/wp\/v2\/posts\/17627","targetHints":{"allow":["GET"]}}],"collection":[{"href":"https:\/\/herzogtum-direkt.de\/index.php\/wp-json\/wp\/v2\/posts"}],"about":[{"href":"https:\/\/herzogtum-direkt.de\/index.php\/wp-json\/wp\/v2\/types\/post"}],"author":[{"embeddable":true,"href":"https:\/\/herzogtum-direkt.de\/index.php\/wp-json\/wp\/v2\/users\/2"}],"replies":[{"embeddable":true,"href":"https:\/\/herzogtum-direkt.de\/index.php\/wp-json\/wp\/v2\/comments?post=17627"}],"version-history":[{"count":1,"href":"https:\/\/herzogtum-direkt.de\/index.php\/wp-json\/wp\/v2\/posts\/17627\/revisions"}],"predecessor-version":[{"id":17629,"href":"https:\/\/herzogtum-direkt.de\/index.php\/wp-json\/wp\/v2\/posts\/17627\/revisions\/17629"}],"wp:featuredmedia":[{"embeddable":true,"href":"https:\/\/herzogtum-direkt.de\/index.php\/wp-json\/wp\/v2\/media\/17628"}],"wp:attachment":[{"href":"https:\/\/herzogtum-direkt.de\/index.php\/wp-json\/wp\/v2\/media?parent=17627"}],"wp:term":[{"taxonomy":"category","embeddable":true,"href":"https:\/\/herzogtum-direkt.de\/index.php\/wp-json\/wp\/v2\/categories?post=17627"},{"taxonomy":"post_tag","embeddable":true,"href":"https:\/\/herzogtum-direkt.de\/index.php\/wp-json\/wp\/v2\/tags?post=17627"}],"curies":[{"name":"wp","href":"https:\/\/api.w.org\/{rel}","templated":true}]}}