{"id":17571,"date":"2019-09-22T09:15:27","date_gmt":"2019-09-22T07:15:27","guid":{"rendered":"https:\/\/herzogtum-direkt.de\/?p=17571"},"modified":"2019-09-22T09:15:27","modified_gmt":"2019-09-22T07:15:27","slug":"tag-der-kulturen-gegen-rassismus-im-sozialkaufhaus-lauenburg","status":"publish","type":"post","link":"https:\/\/herzogtum-direkt.de\/index.php\/2019\/09\/22\/tag-der-kulturen-gegen-rassismus-im-sozialkaufhaus-lauenburg\/","title":{"rendered":"&#8218;Tag der Kulturen \u2013 gegen Rassismus&#8216; im Sozialkaufhaus Lauenburg"},"content":{"rendered":"<p><strong>Lauenburg (pm).<\/strong> Das Team des Sozialkaufhauses Lauenburg will mit einem \u201eTag der Kulturen \u2013 gegen Rassismus\u201c erneut ein Zeichen f\u00fcr mehr Toleranz setzen. Am Freitag, 27. September, kommen Menschen aus \u201ealler Herren L\u00e4nder\u201c von 11 bis 15 Uhr in den R\u00e4umen der Einrichtung zusammen. Wir haben uns \u00fcberlegt, welche verbindende Elemente und Aktivit\u00e4ten die Menschen unterschiedlicher Herkunft vereinen k\u00f6nnten und daraus das Programm zusammengestellt\u201c, erl\u00e4utert Betriebsleiter J\u00f6rg S\u00f6nksen. Im Mittelpunkt der vier Stunden stehen daher die Musik, das Spiel von Backgammon bis Schach sowie das gemeinsame Kochen und Essen.<\/p>\n<p>Neben der AWO Bildung und Arbeit gGmbH, die das Sozialkaufhaus in der Kr\u00fcgerstra\u00dfe 3 betreibt, engagieren sich die Stadt, die Aktion \u201eKoffergeschichten\u201c, die evangelische Kirchengemeinde, der Landesverband der AWO, das regionale Beratungsteam gegen Rechtsextremismus der AWO sowie weitere soziale Organisationen mit der Durchf\u00fchrung der Veranstaltung.<\/p>\n<p>Unterst\u00fctzt wird der Tag vom Bundesprogramm \u201eDemokratie leben!\u201c. \u201eWir hoffen, dass viele Lauenburger den Weg zu uns finden, um Erfahrungen auszutauschen oder einfach nur Spa\u00df am netten Beisammensein zu haben\u201c, erkl\u00e4rt J\u00f6rg S\u00f6nksen.<\/p>\n","protected":false},"excerpt":{"rendered":"<p>Lauenburg (pm). Das Team des Sozialkaufhauses Lauenburg will mit einem \u201eTag der Kulturen \u2013 gegen Rassismus\u201c erneut ein Zeichen f\u00fcr mehr Toleranz setzen. Am Freitag, 27. September, kommen Menschen aus \u201ealler Herren L\u00e4nder\u201c von 11 bis 15 Uhr in den R\u00e4umen der Einrichtung zusammen. Wir haben uns \u00fcberlegt, welche verbindende Elemente und Aktivit\u00e4ten die Menschen [&hellip;]<\/p>\n","protected":false},"author":2,"featured_media":1186,"comment_status":"open","ping_status":"closed","sticky":false,"template":"","format":"standard","meta":{"jnews-multi-image_gallery":[],"jnews_single_post":[],"jnews_primary_category":[],"jnews_social_meta":[],"jnews_override_counter":[],"jnews_post_split":[],"footnotes":""},"categories":[63],"tags":[126,2490],"class_list":["post-17571","post","type-post","status-publish","format-standard","has-post-thumbnail","hentry","category-herzogtum-lauenburg","tag-lauenburg","tag-sozialkaufhaus-lauenburg"],"_links":{"self":[{"href":"https:\/\/herzogtum-direkt.de\/index.php\/wp-json\/wp\/v2\/posts\/17571","targetHints":{"allow":["GET"]}}],"collection":[{"href":"https:\/\/herzogtum-direkt.de\/index.php\/wp-json\/wp\/v2\/posts"}],"about":[{"href":"https:\/\/herzogtum-direkt.de\/index.php\/wp-json\/wp\/v2\/types\/post"}],"author":[{"embeddable":true,"href":"https:\/\/herzogtum-direkt.de\/index.php\/wp-json\/wp\/v2\/users\/2"}],"replies":[{"embeddable":true,"href":"https:\/\/herzogtum-direkt.de\/index.php\/wp-json\/wp\/v2\/comments?post=17571"}],"version-history":[{"count":1,"href":"https:\/\/herzogtum-direkt.de\/index.php\/wp-json\/wp\/v2\/posts\/17571\/revisions"}],"predecessor-version":[{"id":17572,"href":"https:\/\/herzogtum-direkt.de\/index.php\/wp-json\/wp\/v2\/posts\/17571\/revisions\/17572"}],"wp:featuredmedia":[{"embeddable":true,"href":"https:\/\/herzogtum-direkt.de\/index.php\/wp-json\/wp\/v2\/media\/1186"}],"wp:attachment":[{"href":"https:\/\/herzogtum-direkt.de\/index.php\/wp-json\/wp\/v2\/media?parent=17571"}],"wp:term":[{"taxonomy":"category","embeddable":true,"href":"https:\/\/herzogtum-direkt.de\/index.php\/wp-json\/wp\/v2\/categories?post=17571"},{"taxonomy":"post_tag","embeddable":true,"href":"https:\/\/herzogtum-direkt.de\/index.php\/wp-json\/wp\/v2\/tags?post=17571"}],"curies":[{"name":"wp","href":"https:\/\/api.w.org\/{rel}","templated":true}]}}