{"id":17485,"date":"2019-09-18T09:27:28","date_gmt":"2019-09-18T07:27:28","guid":{"rendered":"https:\/\/herzogtum-direkt.de\/?p=17485"},"modified":"2019-09-18T09:27:28","modified_gmt":"2019-09-18T07:27:28","slug":"freisprechung-2019-im-fleischerhandwerk","status":"publish","type":"post","link":"https:\/\/herzogtum-direkt.de\/index.php\/2019\/09\/18\/freisprechung-2019-im-fleischerhandwerk\/","title":{"rendered":"Freisprechung 2019 im Fleischerhandwerk"},"content":{"rendered":"<p>Herzogtum Lauenburg (pm). Zur feierlichen Freisprechung der neun Fleischer und elf Fachverk\u00e4ufer im Lebensmittelhandwerk am 13. September 2019 hatte die Fleischer-Innung Holstein-S\u00fcd die Gesellenpr\u00fcflinge und ihre G\u00e4ste wieder in den gro\u00dfen Saal der Handwerkskammer L\u00fcbeck eingeladen. Obermeister Robert Pr\u00f6sch hielt die Festansprache und der Klassenlehrer Stefan Fr\u00fchbu\u00df sowie der ehemalige Klassenlehrer Gerd Albrecht verabschiedeten sich aus der dreij\u00e4hrigen Berufsschulzeit von ihren Sch\u00fclern.<\/p>\n<p>Die Fleischer-Junggesellen bekamen durch den Lehrlingswart Christian Lohff die Pr\u00fcfungszeugnisse und durch Gerd Albrecht und J\u00f6rg Wolters die Berufsschulzeugnisse \u00fcberreicht. Die Fachverk\u00e4ufer erhielten ihre Pr\u00fcfungszeugnisse ebenfalls durch Christian Lohff. Die Berufsschulzeugnisse \u00fcberreichten Stefan Fr\u00fchbu\u00df und Jens-Peter Rachau.<\/p>\n<p>F\u00fcr ihre durchgehend sehr guten schulischen Leistungen bekam Jasmin Denise Maschewski von Stefan Fr\u00fchbu\u00df einen Buchpreis ausgeh\u00e4ndigt. Die jeweils drei besten Fleischer und Fachverk\u00e4ufer wurden mit Pokalen ausgezeichnet:<\/p>\n<p><strong>Fleischer<\/strong><br \/>\n1. Platz: Matthias Nerl vom Ausbildungsbetrieb Andreas Guttkuhn aus Fehmarn<br \/>\n2. Platz: Erik-Tapio Sonnenburg vom Ausbildungsbetrieb Tjark Thie\u00dfen aus Schashagen<br \/>\n3. Platz: David Kahl vom Ausbildungsbetrieb Citti M\u00e4rkte GmbH &amp; Co. KG aus L\u00fcbeck<\/p>\n<p>Fachverk\u00e4uferinnen:<br \/>\n1. Platz: Jasmin Denise Maschewski vom Ausbildungsbetrieb Superm\u00e4rkte Nord Vertriebs GmbH &amp; Co. KG, L\u00fcbeck<br \/>\n2. Platz: Vivien Bachmann vom Ausbildungsbetrieb Superm\u00e4rkte Nord Vertriebs GmbH &amp; Co. KG, L\u00fcbeck<br \/>\n3. Platz: Celina Wieprich vom Ausbildungsbetrieb Martens Bad Schwartau GmbH &amp; Co. KG, Bad Schwartau<\/p>\n<p>Freigesprochen wurden:<\/p>\n<p><strong>Fleischer<\/strong><br \/>\nDustin Bischof, Superm\u00e4rkte Nord Vertriebs GmbH &amp; Co. KG aus L\u00fcbeck<\/p>\n<p>Marvin Bringmann, Sabine Schwiecker aus Aum\u00fchle<\/p>\n<p>Marvin Dambrowski, Superm\u00e4rkte Nord Vertriebs GmbH &amp; Co. KG aus L\u00fcbeck<\/p>\n<p>Lucas F\u00f6rster, Edeka Martens Sandesneben aus Sandesneben<\/p>\n<p>David Kahl, Citti M\u00e4rkte GmbH &amp; Co. KG aus L\u00fcbeck<\/p>\n<p>Patrick Mecker, Superm\u00e4rkte Nord Vertriebs GmbH &amp; Co. KG aus L\u00fcbeck<\/p>\n<p>Matthias Nerl, Andreas Guttkuhn aus Fehmarn<\/p>\n<p>Florian Rosenberger, Hofmetzgerei Tonn GmbH &amp; Co. KG aus B\u00fcchen<\/p>\n<p>Erik-Tapio Sonnenburg, Tjark Thie\u00dfen aus Schashagen<\/p>\n<p><strong>Fachverk\u00e4ufer im Lebensmittelhandwerk (Fleischerei)<\/strong><\/p>\n<p>Analis Jelin Alba Arteaga, E-Center L\u00fcbeck e.K aus L\u00fcbeck<\/p>\n<p>Vivien Bachmann, Superm\u00e4rkte Nord Vertriebs GmbH &amp; Co. KG aus L\u00fcbeck<\/p>\n<p>Jana Brix, Jens M\u00e4rkte Jens GmbH &amp; Co. KG aus Heiligenhafen<\/p>\n<p>Tim Dierberg, real GmbH aus L\u00fcbeck<\/p>\n<p>Michelle-Sophie Kaul, Superm\u00e4rkte Nord Vertriebs GmbH &amp; Co. KG aus L\u00fcbeck<\/p>\n<p>Jasmin Denise Maschewski, Superm\u00e4rkte Nord Vertriebs GmbH &amp; Co. KG aus<br \/>\nL\u00fcbeck<\/p>\n<p>Benjamin Schmidt, Superm\u00e4rkte Nord Vertriebs GmbH &amp; Co. KG aus L\u00fcbeck<\/p>\n<p>Mario Sprung, S\u00fcllau Handelsgesellschaft mbH aus Ratzeburg<\/p>\n<p>Kim Mandy Weidemann, Fleischerei Lohff GmbH aus Travem\u00fcnde<\/p>\n<p>Celina Wieprich, Martens Bad Schwartau GmbH &amp; Co. KG aus Bad Schwartau<\/p>\n<p>Jule Christin Wolf, Jens M\u00e4rkte GmbH &amp; Co. KG aus Heiligenhafen<\/p>\n<p>Die vorgezogene Abschlusspr\u00fcfung im Winter 2018\/2019 legte ab: Katrin Fromm, Superm\u00e4rke Nord Vertriebs GmbH &amp; Co. KG aus Neustadt<\/p>\n","protected":false},"excerpt":{"rendered":"<p>Herzogtum Lauenburg (pm). Zur feierlichen Freisprechung der neun Fleischer und elf Fachverk\u00e4ufer im Lebensmittelhandwerk am 13. September 2019 hatte die Fleischer-Innung Holstein-S\u00fcd die Gesellenpr\u00fcflinge und ihre G\u00e4ste wieder in den gro\u00dfen Saal der Handwerkskammer L\u00fcbeck eingeladen. Obermeister Robert Pr\u00f6sch hielt die Festansprache und der Klassenlehrer Stefan Fr\u00fchbu\u00df sowie der ehemalige Klassenlehrer Gerd Albrecht verabschiedeten sich [&hellip;]<\/p>\n","protected":false},"author":2,"featured_media":17486,"comment_status":"open","ping_status":"closed","sticky":false,"template":"","format":"standard","meta":{"jnews-multi-image_gallery":[],"jnews_single_post":[],"jnews_primary_category":[],"jnews_social_meta":[],"jnews_override_counter":[],"jnews_post_split":[],"footnotes":""},"categories":[95,72],"tags":[2484,1346],"class_list":["post-17485","post","type-post","status-publish","format-standard","has-post-thumbnail","hentry","category-aus-der-region","category-wirtschaft","tag-fleischerhandwerk","tag-kreishandwerkerschaft"],"_links":{"self":[{"href":"https:\/\/herzogtum-direkt.de\/index.php\/wp-json\/wp\/v2\/posts\/17485","targetHints":{"allow":["GET"]}}],"collection":[{"href":"https:\/\/herzogtum-direkt.de\/index.php\/wp-json\/wp\/v2\/posts"}],"about":[{"href":"https:\/\/herzogtum-direkt.de\/index.php\/wp-json\/wp\/v2\/types\/post"}],"author":[{"embeddable":true,"href":"https:\/\/herzogtum-direkt.de\/index.php\/wp-json\/wp\/v2\/users\/2"}],"replies":[{"embeddable":true,"href":"https:\/\/herzogtum-direkt.de\/index.php\/wp-json\/wp\/v2\/comments?post=17485"}],"version-history":[{"count":1,"href":"https:\/\/herzogtum-direkt.de\/index.php\/wp-json\/wp\/v2\/posts\/17485\/revisions"}],"predecessor-version":[{"id":17487,"href":"https:\/\/herzogtum-direkt.de\/index.php\/wp-json\/wp\/v2\/posts\/17485\/revisions\/17487"}],"wp:featuredmedia":[{"embeddable":true,"href":"https:\/\/herzogtum-direkt.de\/index.php\/wp-json\/wp\/v2\/media\/17486"}],"wp:attachment":[{"href":"https:\/\/herzogtum-direkt.de\/index.php\/wp-json\/wp\/v2\/media?parent=17485"}],"wp:term":[{"taxonomy":"category","embeddable":true,"href":"https:\/\/herzogtum-direkt.de\/index.php\/wp-json\/wp\/v2\/categories?post=17485"},{"taxonomy":"post_tag","embeddable":true,"href":"https:\/\/herzogtum-direkt.de\/index.php\/wp-json\/wp\/v2\/tags?post=17485"}],"curies":[{"name":"wp","href":"https:\/\/api.w.org\/{rel}","templated":true}]}}