{"id":16887,"date":"2019-08-28T10:10:03","date_gmt":"2019-08-28T08:10:03","guid":{"rendered":"https:\/\/herzogtum-direkt.de\/?p=16887"},"modified":"2019-08-28T10:10:03","modified_gmt":"2019-08-28T08:10:03","slug":"land-foerdert-integration-gefluechteter-in-den-arbeitsmarkt","status":"publish","type":"post","link":"https:\/\/herzogtum-direkt.de\/index.php\/2019\/08\/28\/land-foerdert-integration-gefluechteter-in-den-arbeitsmarkt\/","title":{"rendered":"Land f\u00f6rdert Integration Gefl\u00fcchteter in den Arbeitsmarkt"},"content":{"rendered":"<p><strong>Kiel (pm).<\/strong> Das Arbeitsministerium legte am 26. August ein neues F\u00f6rderprogramm zur Arbeitsmarktintegration von Gefl\u00fcchteten auf. Ziel ist die Initiierung von Projekten, die die individuelle Ausbildungs- und Besch\u00e4ftigungsf\u00e4higkeit von Gefl\u00fcchteten st\u00e4rken. Gefragt sind insbesondere Ma\u00dfnahmen, die neue Wege der Integration in den Arbeitsmarkt gehen. Das k\u00f6nnen niedrigschwellige Trainings berufsbezogener Sprachkenntnisse, Coaching gefl\u00fcchteter Frauen mit kleinen Kindern, praktische Vorbereitung auf eine Ausbildung oder auch eine berufsbegleitende F\u00f6rderung direkt im Betrieb sein.<\/p>\n<p>&#8222;Es gibt viele motivierte Gefl\u00fcchtete, die bereits ihren Weg in den Arbeitsmarkt oder in eine berufliche Ausbildung geschafft haben. Und es gibt viele unterschiedliche Ans\u00e4tze, diese Menschen und die Unternehmen so zu unterst\u00fctzen, dass sie auch erfolgreich im Unternehmen verbleiben&#8220;, sagte Arbeitsminister Dr. Bernd Buchholz. &#8222;Aber auch wer noch nicht soweit ist, soll best\u00e4rkt werden, sich beruflich zu orientieren und zu entwickeln. Wir haben das Arbeitsmarktprogramm daher flexibel angelegt, um vor Ort bedarfsgerechte Projekte zu unterst\u00fctzen&#8220;, erl\u00e4uterte er das F\u00f6rderengagement seines Hauses. Sprachkenntnisse und berufliche Teilhabe seien nach wie vor der wichtigste Baustein f\u00fcr gesellschaftliche Integration.<\/p>\n<p>Die Projekte sollen Anfang 2020 beginnen. Interessierte Besch\u00e4ftigungs- und Qualifizierungstr\u00e4ger k\u00f6nnen sich bis zum 25. Oktober 2019 bewerben und ihre Antr\u00e4ge einreichen. Die Antragsformulare k\u00f6nnen ab sofort unter folgender Email-Adresse angefordert werden: <a href=\"mailto:AmiFlue.Foerderung@wimi.landsh.de\">AmiFlue.Foerderung@wimi.landsh.de<\/a><\/p>\n<p>Wie Buchholz weiter sagte, k\u00f6nnten die Absolventinnen und Absolventen der k\u00fcnftigen Projekte einen wichtigen Beitrag zur Fachkr\u00e4ftesicherung leisten: &#8222;Auch aus diesem Grunde lassen wir nicht locker und erproben immer wieder neue Wege der Arbeitsmarktintegration.&#8220; Um dabei insbesondere auch jungen M\u00fcttern die Teilnahme zu erleichtern, seien von den Tr\u00e4gern Angebote mit gekoppelter Kinderbeaufsichtigung ausdr\u00fccklich erw\u00fcnscht und auch f\u00f6rderf\u00e4hig.<\/p>\n<p>Die F\u00f6rderrichtlinie erschien im Amtsblatt Schleswig-Holstein und ist auch hier zu finden: <a href=\"https:\/\/www.schleswig-holstein.de\/arbeit\" target=\"_blank\" rel=\"noopener noreferrer\">https:\/\/www.schleswig-holstein.de\/arbeit<\/a><\/p>\n","protected":false},"excerpt":{"rendered":"<p>Kiel (pm). Das Arbeitsministerium legte am 26. August ein neues F\u00f6rderprogramm zur Arbeitsmarktintegration von Gefl\u00fcchteten auf. Ziel ist die Initiierung von Projekten, die die individuelle Ausbildungs- und Besch\u00e4ftigungsf\u00e4higkeit von Gefl\u00fcchteten st\u00e4rken. Gefragt sind insbesondere Ma\u00dfnahmen, die neue Wege der Integration in den Arbeitsmarkt gehen. Das k\u00f6nnen niedrigschwellige Trainings berufsbezogener Sprachkenntnisse, Coaching gefl\u00fcchteter Frauen mit kleinen [&hellip;]<\/p>\n","protected":false},"author":2,"featured_media":1186,"comment_status":"open","ping_status":"closed","sticky":false,"template":"","format":"standard","meta":{"jnews-multi-image_gallery":[],"jnews_single_post":[],"jnews_primary_category":[],"jnews_social_meta":[],"jnews_override_counter":[],"jnews_post_split":[],"footnotes":""},"categories":[95,72],"tags":[2441,454,662,1230,330],"class_list":["post-16887","post","type-post","status-publish","format-standard","has-post-thumbnail","hentry","category-aus-der-region","category-wirtschaft","tag-arbeit","tag-arbeitsmarkt","tag-fluechtlinge","tag-gefluechtete","tag-integration"],"_links":{"self":[{"href":"https:\/\/herzogtum-direkt.de\/index.php\/wp-json\/wp\/v2\/posts\/16887","targetHints":{"allow":["GET"]}}],"collection":[{"href":"https:\/\/herzogtum-direkt.de\/index.php\/wp-json\/wp\/v2\/posts"}],"about":[{"href":"https:\/\/herzogtum-direkt.de\/index.php\/wp-json\/wp\/v2\/types\/post"}],"author":[{"embeddable":true,"href":"https:\/\/herzogtum-direkt.de\/index.php\/wp-json\/wp\/v2\/users\/2"}],"replies":[{"embeddable":true,"href":"https:\/\/herzogtum-direkt.de\/index.php\/wp-json\/wp\/v2\/comments?post=16887"}],"version-history":[{"count":1,"href":"https:\/\/herzogtum-direkt.de\/index.php\/wp-json\/wp\/v2\/posts\/16887\/revisions"}],"predecessor-version":[{"id":16888,"href":"https:\/\/herzogtum-direkt.de\/index.php\/wp-json\/wp\/v2\/posts\/16887\/revisions\/16888"}],"wp:featuredmedia":[{"embeddable":true,"href":"https:\/\/herzogtum-direkt.de\/index.php\/wp-json\/wp\/v2\/media\/1186"}],"wp:attachment":[{"href":"https:\/\/herzogtum-direkt.de\/index.php\/wp-json\/wp\/v2\/media?parent=16887"}],"wp:term":[{"taxonomy":"category","embeddable":true,"href":"https:\/\/herzogtum-direkt.de\/index.php\/wp-json\/wp\/v2\/categories?post=16887"},{"taxonomy":"post_tag","embeddable":true,"href":"https:\/\/herzogtum-direkt.de\/index.php\/wp-json\/wp\/v2\/tags?post=16887"}],"curies":[{"name":"wp","href":"https:\/\/api.w.org\/{rel}","templated":true}]}}