{"id":16755,"date":"2019-08-23T10:32:33","date_gmt":"2019-08-23T08:32:33","guid":{"rendered":"https:\/\/herzogtum-direkt.de\/?p=16755"},"modified":"2019-08-24T09:26:37","modified_gmt":"2019-08-24T07:26:37","slug":"regenbogenfahrt-der-deutschen-kinderkrebsstiftung-macht-halt-im-kreis-herzogtum-lauenburg","status":"publish","type":"post","link":"https:\/\/herzogtum-direkt.de\/index.php\/2019\/08\/23\/regenbogenfahrt-der-deutschen-kinderkrebsstiftung-macht-halt-im-kreis-herzogtum-lauenburg\/","title":{"rendered":"Regenbogenfahrt der Deutschen Kinderkrebsstiftung macht Halt im Kreis Herzogtum Lauenburg"},"content":{"rendered":"<p><strong>B\u00e4k (pm).<\/strong> Bereits zum 27. Mal machten sich die Regenbogenfahrerinnen und \u2013fahrer der Deutschen Kinderkrebsstiftung mit ihren R\u00e4dern auf den Weg um an Krebs erkrankte Kinder in Krankenh\u00e4usern zu besuchen. Alle Teilnehmer haben selbst Erfahrungen mit dieser Erkrankung gemacht und wollen den jungen Patienten auf ihrem Weg Mut machen und eine Perspektive aufzeigen.<\/p>\n<p>Die Tour ist am Sonntag in Kiel gestartet und soll am Sonnabend, 24. August 2019, in Greifswald enden. Auf ihrer dritten Etappe von L\u00fcbeck nach Schwerin machten die Radlerinnen und Radler in der Gemeinde B\u00e4k im Kreis Herzogtum Lauenburg Halt und wurden dort von B\u00e4kerinnen und B\u00e4kern herzlich in Empfang genommen und mit Speisen und Getr\u00e4nken versorgt, alle gestiftet durch Freiwillige und ortsans\u00e4ssige Unternehmen. Auch die Kinder aus der Kita \u201eB\u00e4ker Strolche\u201c f\u00fchrte f\u00fcr ihre G\u00e4ste ein kleines Programm auf.<\/p>\n<p>Schirmherr Landrat Christoph Mager lobte den Einsatz der Regenbogenfahrer und wies auf die anstehenden Kilometer der Etappe hin: \u201eDas \u00f6stliche H\u00fcgelland h\u00e4lt noch einige Steigungen f\u00fcr Sie bereit, st\u00e4rken Sie sich ordentlich bevor es weitergeht.\u201c Auch lud er alle Teilnehmerinnen und Teilnehmer ein, auch nach ihrer Tour den Kreis Herzogtum Lauenburg zu besuchen \u201eDie Umgebung ist touristisch attraktiv und sehr fahrradfreundlich, die Ratzeburger haben erst k\u00fcrzlich einen \u00f6rtlichen Fahrradh\u00e4ndler zum B\u00fcrgermeister gew\u00e4hlt&#8220;, so Mager.<\/p>\n<p>Die Regenbogenfahrer zeigten sich von der Herzlichkeit in B\u00e4k begeistert: \u201eB\u00e4k ist wie ein \u00d6lfass voller Liebe, ein kleiner Funke reicht und hier brennen Freude und Liebe zugleich.\u201c so Tourteilnehmer Thomas Knoller.<\/p>\n<p>Informationen zur Aktion unter <a href=\"http:\/\/www.regenbogenfahrt.de\" target=\"_blank\" rel=\"noopener noreferrer\">www.regenbogenfahrt.de<\/a> und <a href=\"http:\/\/www.kinderkrebsstiftung.de\" target=\"_blank\" rel=\"noopener noreferrer\">www.kinderkrebsstiftung.de<\/a> .<\/p>\n","protected":false},"excerpt":{"rendered":"<p>B\u00e4k (pm). Bereits zum 27. Mal machten sich die Regenbogenfahrerinnen und \u2013fahrer der Deutschen Kinderkrebsstiftung mit ihren R\u00e4dern auf den Weg um an Krebs erkrankte Kinder in Krankenh\u00e4usern zu besuchen. Alle Teilnehmer haben selbst Erfahrungen mit dieser Erkrankung gemacht und wollen den jungen Patienten auf ihrem Weg Mut machen und eine Perspektive aufzeigen. Die Tour [&hellip;]<\/p>\n","protected":false},"author":2,"featured_media":16756,"comment_status":"open","ping_status":"closed","sticky":false,"template":"","format":"standard","meta":{"jnews-multi-image_gallery":[],"jnews_single_post":[],"jnews_primary_category":[],"jnews_social_meta":[],"jnews_override_counter":[],"jnews_post_split":[],"footnotes":""},"categories":[69,63,2],"tags":[388,2428,2427],"class_list":["post-16755","post","type-post","status-publish","format-standard","has-post-thumbnail","hentry","category-amt-lauenburgische-seen","category-herzogtum-lauenburg","category-startseite","tag-baek","tag-kinderkrebsstiftung","tag-regenbogenfahrt"],"_links":{"self":[{"href":"https:\/\/herzogtum-direkt.de\/index.php\/wp-json\/wp\/v2\/posts\/16755","targetHints":{"allow":["GET"]}}],"collection":[{"href":"https:\/\/herzogtum-direkt.de\/index.php\/wp-json\/wp\/v2\/posts"}],"about":[{"href":"https:\/\/herzogtum-direkt.de\/index.php\/wp-json\/wp\/v2\/types\/post"}],"author":[{"embeddable":true,"href":"https:\/\/herzogtum-direkt.de\/index.php\/wp-json\/wp\/v2\/users\/2"}],"replies":[{"embeddable":true,"href":"https:\/\/herzogtum-direkt.de\/index.php\/wp-json\/wp\/v2\/comments?post=16755"}],"version-history":[{"count":1,"href":"https:\/\/herzogtum-direkt.de\/index.php\/wp-json\/wp\/v2\/posts\/16755\/revisions"}],"predecessor-version":[{"id":16757,"href":"https:\/\/herzogtum-direkt.de\/index.php\/wp-json\/wp\/v2\/posts\/16755\/revisions\/16757"}],"wp:featuredmedia":[{"embeddable":true,"href":"https:\/\/herzogtum-direkt.de\/index.php\/wp-json\/wp\/v2\/media\/16756"}],"wp:attachment":[{"href":"https:\/\/herzogtum-direkt.de\/index.php\/wp-json\/wp\/v2\/media?parent=16755"}],"wp:term":[{"taxonomy":"category","embeddable":true,"href":"https:\/\/herzogtum-direkt.de\/index.php\/wp-json\/wp\/v2\/categories?post=16755"},{"taxonomy":"post_tag","embeddable":true,"href":"https:\/\/herzogtum-direkt.de\/index.php\/wp-json\/wp\/v2\/tags?post=16755"}],"curies":[{"name":"wp","href":"https:\/\/api.w.org\/{rel}","templated":true}]}}