{"id":16742,"date":"2019-08-22T09:20:47","date_gmt":"2019-08-22T07:20:47","guid":{"rendered":"https:\/\/herzogtum-direkt.de\/?p=16742"},"modified":"2019-08-22T09:20:47","modified_gmt":"2019-08-22T07:20:47","slug":"mehr-sicherheit-und-inklusion-cdu-geesthacht-bringt-antraege-erfolgreich-ein","status":"publish","type":"post","link":"https:\/\/herzogtum-direkt.de\/index.php\/2019\/08\/22\/mehr-sicherheit-und-inklusion-cdu-geesthacht-bringt-antraege-erfolgreich-ein\/","title":{"rendered":"Mehr Sicherheit und Inklusion \u2013 CDU Geesthacht bringt Antr\u00e4ge erfolgreich ein"},"content":{"rendered":"<p><strong>Geesthacht (pm).<\/strong> Gute Nachrichten f\u00fcr Radfahrer, Sch\u00fcler, Kita-Kinder, Senioren, Fu\u00dfg\u00e4nger, Familien &#8211; f\u00fcr alle Geesthachter. Am 13. August hat der Planungsausschuss einstimmig beschlossen, dass die Stra\u00dfe \u201eNeuer Krug\u201c noch sicherer wird und die Siedlung rund um das Altenheim \u201eAm Moor\u201c (Apfelweg, Birnenweg, Rosenweg, Kirschweg, Aprikosenweg) einen gro\u00dfen Schritt in Richtung Barrierefreiheit macht.<\/p>\n<figure id=\"attachment_16743\" aria-describedby=\"caption-attachment-16743\" style=\"width: 240px\" class=\"wp-caption alignleft\"><a href=\"https:\/\/2021.herzogtum-direkt.de\/wp-content\/uploads\/2019\/08\/CDU-Bj\u00f6rn-Reuter.jpg\"><img fetchpriority=\"high\" decoding=\"async\" class=\"size-medium wp-image-16743\" src=\"https:\/\/2021.herzogtum-direkt.de\/wp-content\/uploads\/2019\/08\/CDU-Bj\u00f6rn-Reuter-240x300.jpg\" alt=\"\" width=\"240\" height=\"300\" srcset=\"https:\/\/herzogtum-direkt.de\/wp-content\/uploads\/2019\/08\/CDU-Bj\u00f6rn-Reuter-240x300.jpg 240w, https:\/\/herzogtum-direkt.de\/wp-content\/uploads\/2019\/08\/CDU-Bj\u00f6rn-Reuter-768x960.jpg 768w, https:\/\/herzogtum-direkt.de\/wp-content\/uploads\/2019\/08\/CDU-Bj\u00f6rn-Reuter-696x870.jpg 696w, https:\/\/herzogtum-direkt.de\/wp-content\/uploads\/2019\/08\/CDU-Bj\u00f6rn-Reuter-336x420.jpg 336w, https:\/\/herzogtum-direkt.de\/wp-content\/uploads\/2019\/08\/CDU-Bj\u00f6rn-Reuter.jpg 800w\" sizes=\"(max-width: 240px) 100vw, 240px\" \/><\/a><figcaption id=\"caption-attachment-16743\" class=\"wp-caption-text\">Bj\u00f6rn Reuter, CDU Geesthacht. Foto: hfr<\/figcaption><\/figure>\n<p>Auf Antrag der CDU hat der Ausschuss beschlossen, dass die Fahrbahnmarkierungen in der Stra\u00dfe \u201eNeuer Krug\u201c erneuert, die Bordsteinkanten wieder durch wei\u00dfe Farbe gut erkenntlich gemacht werden und eine elektronische Geschwindigkeitsanzeige installiert wird. \u201eIch freue mich, dass der Ausschuss unserer Auffassung nachgekommen ist. Gerade im Hinblick auf die Sch\u00fclerinnen und Sch\u00fcler, die t\u00e4glich hier entlang laufen, ist das enorm wichtig\u201c, erl\u00e4utert Bastian Numrich. \u201eDie Ma\u00dfnahmen werden erheblich dazu beitragen, dass sich alle Verkehrsteilnehmer sicherer f\u00fchlen\u201c, erg\u00e4nzt Bj\u00f6rn Reuter. \u201eAuf unsere Initiative konnten wir schon im Mai eine Geh- und Radwegbeleuchtung auf einem unbeleuchteten Teilst\u00fcck des Schulweges, zwischen \u201eAm Moor\u201c und \u201eD\u00fcneberger Stra\u00dfe\u201c z\u00fcgig mit der Verwaltung realisieren\u201c, so Bj\u00f6rn Reuter weiter.<\/p>\n<figure id=\"attachment_16744\" aria-describedby=\"caption-attachment-16744\" style=\"width: 240px\" class=\"wp-caption alignright\"><a href=\"https:\/\/2021.herzogtum-direkt.de\/wp-content\/uploads\/2019\/08\/CDU-Bastian-Numrich.jpg\"><img decoding=\"async\" class=\"size-medium wp-image-16744\" src=\"https:\/\/2021.herzogtum-direkt.de\/wp-content\/uploads\/2019\/08\/CDU-Bastian-Numrich-240x300.jpg\" alt=\"\" width=\"240\" height=\"300\" srcset=\"https:\/\/herzogtum-direkt.de\/wp-content\/uploads\/2019\/08\/CDU-Bastian-Numrich-240x300.jpg 240w, https:\/\/herzogtum-direkt.de\/wp-content\/uploads\/2019\/08\/CDU-Bastian-Numrich-768x960.jpg 768w, https:\/\/herzogtum-direkt.de\/wp-content\/uploads\/2019\/08\/CDU-Bastian-Numrich-696x870.jpg 696w, https:\/\/herzogtum-direkt.de\/wp-content\/uploads\/2019\/08\/CDU-Bastian-Numrich-336x420.jpg 336w, https:\/\/herzogtum-direkt.de\/wp-content\/uploads\/2019\/08\/CDU-Bastian-Numrich.jpg 800w\" sizes=\"(max-width: 240px) 100vw, 240px\" \/><\/a><figcaption id=\"caption-attachment-16744\" class=\"wp-caption-text\">Bastian Numrich, CDU Geesthacht. Foto: hfr<\/figcaption><\/figure>\n<p>Au\u00dferdem wurde dem CDU Antrag zugestimmt, dass in der Siedlung um den Apfel-, Birnen-, und Rosenweg die Bordsteinkanten abgesenkt werden. \u201eDieses Anliegen lag mir sehr am Herzen. Aus Gespr\u00e4chen im letzten Jahr in meinem Wahlkreis nahm ich mit, dass die Stra\u00dfen\u00fcberquerung in dieser Siedlung teilweise eine enorme Belastung darstellt. Umso gl\u00fccklicher bin ich, dass bei dem Thema Inklusion alle an einem Strang ziehen und hier nun eine Verbesserung in Sicht ist. Diese kleine Korrektur bewirkt enorme Entlastung f\u00fcr Senioren, Familien und Radfahrer\u201c, freut sich Bastian Numrich.<\/p>\n","protected":false},"excerpt":{"rendered":"<p>Geesthacht (pm). Gute Nachrichten f\u00fcr Radfahrer, Sch\u00fcler, Kita-Kinder, Senioren, Fu\u00dfg\u00e4nger, Familien &#8211; f\u00fcr alle Geesthachter. Am 13. August hat der Planungsausschuss einstimmig beschlossen, dass die Stra\u00dfe \u201eNeuer Krug\u201c noch sicherer wird und die Siedlung rund um das Altenheim \u201eAm Moor\u201c (Apfelweg, Birnenweg, Rosenweg, Kirschweg, Aprikosenweg) einen gro\u00dfen Schritt in Richtung Barrierefreiheit macht. Auf Antrag der [&hellip;]<\/p>\n","protected":false},"author":2,"featured_media":16744,"comment_status":"open","ping_status":"closed","sticky":false,"template":"","format":"standard","meta":{"jnews-multi-image_gallery":[],"jnews_single_post":[],"jnews_primary_category":[],"jnews_social_meta":[],"jnews_override_counter":[],"jnews_post_split":[],"footnotes":""},"categories":[63],"tags":[249],"class_list":["post-16742","post","type-post","status-publish","format-standard","has-post-thumbnail","hentry","category-herzogtum-lauenburg","tag-geesthacht"],"_links":{"self":[{"href":"https:\/\/herzogtum-direkt.de\/index.php\/wp-json\/wp\/v2\/posts\/16742","targetHints":{"allow":["GET"]}}],"collection":[{"href":"https:\/\/herzogtum-direkt.de\/index.php\/wp-json\/wp\/v2\/posts"}],"about":[{"href":"https:\/\/herzogtum-direkt.de\/index.php\/wp-json\/wp\/v2\/types\/post"}],"author":[{"embeddable":true,"href":"https:\/\/herzogtum-direkt.de\/index.php\/wp-json\/wp\/v2\/users\/2"}],"replies":[{"embeddable":true,"href":"https:\/\/herzogtum-direkt.de\/index.php\/wp-json\/wp\/v2\/comments?post=16742"}],"version-history":[{"count":1,"href":"https:\/\/herzogtum-direkt.de\/index.php\/wp-json\/wp\/v2\/posts\/16742\/revisions"}],"predecessor-version":[{"id":16745,"href":"https:\/\/herzogtum-direkt.de\/index.php\/wp-json\/wp\/v2\/posts\/16742\/revisions\/16745"}],"wp:featuredmedia":[{"embeddable":true,"href":"https:\/\/herzogtum-direkt.de\/index.php\/wp-json\/wp\/v2\/media\/16744"}],"wp:attachment":[{"href":"https:\/\/herzogtum-direkt.de\/index.php\/wp-json\/wp\/v2\/media?parent=16742"}],"wp:term":[{"taxonomy":"category","embeddable":true,"href":"https:\/\/herzogtum-direkt.de\/index.php\/wp-json\/wp\/v2\/categories?post=16742"},{"taxonomy":"post_tag","embeddable":true,"href":"https:\/\/herzogtum-direkt.de\/index.php\/wp-json\/wp\/v2\/tags?post=16742"}],"curies":[{"name":"wp","href":"https:\/\/api.w.org\/{rel}","templated":true}]}}