{"id":16547,"date":"2019-08-15T05:11:31","date_gmt":"2019-08-15T03:11:31","guid":{"rendered":"https:\/\/herzogtum-direkt.de\/?p=16547"},"modified":"2019-08-16T09:27:27","modified_gmt":"2019-08-16T07:27:27","slug":"bitte-um-ruecksichtnahme","status":"publish","type":"post","link":"https:\/\/herzogtum-direkt.de\/index.php\/2019\/08\/15\/bitte-um-ruecksichtnahme\/","title":{"rendered":"Bitte um R\u00fccksichtnahme"},"content":{"rendered":"<p><strong>Klinrade (pm).<\/strong> Die Klinkrader Gemeindevertretung, in Gestalt ihres Mitgliedes Wieland Grot, weist wieder rechtzeitig zur Einschulung, wie auch bereits in den Jahren zuvor, auf die besondere Gef\u00e4hrdung der Schulanf\u00e4nger im Stra\u00dfenverkehr hin. Klinkrades Stra\u00dfen werden viel f\u00fcr den Durchgangsverkehr genutzt und h\u00e4ufig nicht mit der zul\u00e4ssigen Geschwindigkeit.<\/p>\n<p>Deshalb wurden jetzt am Ortseingang und am Brink weithin sichtbare Banner angebracht. Sie richten die dringende Bitte an alle Fahrzeugf\u00fchrer, unbedingt auf die ABC-Sch\u00fctzen R\u00fccksicht zu nehmen.<\/p>\n<div class=\"brlbs-cmpnt-container brlbs-cmpnt-content-blocker brlbs-cmpnt-with-individual-styles\" data-borlabs-cookie-content-blocker-id=\"default\" data-borlabs-cookie-content=\"PGlmcmFtZSBzdHlsZT0iYm9yZGVyOiAxcHggc29saWQgYmxhY2s7IiBzcmM9Imh0dHBzOi8vd3d3Lm9wZW5zdHJlZXRtYXAub3JnL2V4cG9ydC9lbWJlZC5odG1sP2Jib3g9MTAuNTQzMjI3MTk1NzM5NzQ4JTJDNTMuNzExNzgzNjgxODgwNzIlMkMxMC41NjQ2ODQ4Njc4NTg4ODglMkM1My43MjA5MDEwNTUyMTU0NCZhbXA7bGF5ZXI9bWFwbmlrIiB3aWR0aD0iNjI1IiBoZWlnaHQ9IjU1MCIgZnJhbWVib3JkZXI9IjAiIG1hcmdpbndpZHRoPSIwIiBtYXJnaW5oZWlnaHQ9IjAiIHNjcm9sbGluZz0ibm8iPjxzcGFuIHN0eWxlPSJkaXNwbGF5OiBpbmxpbmUtYmxvY2s7IHdpZHRoOiAwcHg7IG92ZXJmbG93OiBoaWRkZW47IGxpbmUtaGVpZ2h0OiAwOyIgZGF0YS1tY2UtdHlwZT0iYm9va21hcmsiIGNsYXNzPSJtY2VfU0VMUkVTX3N0YXJ0Ij7vu788L3NwYW4+PC9pZnJhbWU+\">\n<div class=\"brlbs-cmpnt-cb-preset-a\">\n<p class=\"brlbs-cmpnt-cb-description\">Sie sehen gerade einen Platzhalterinhalt von <strong>Standard<\/strong>. Um auf den eigentlichen Inhalt zuzugreifen, klicken Sie auf den Button unten. Bitte beachten Sie, dass dabei Daten an Drittanbieter weitergegeben werden.<\/p>\n<div class=\"brlbs-cmpnt-cb-buttons\"> <a class=\"brlbs-cmpnt-cb-btn\" href=\"#\" data-borlabs-cookie-unblock role=\"button\">Inhalt entsperren<\/a> <a class=\"brlbs-cmpnt-cb-btn\" href=\"#\" data-borlabs-cookie-accept-service role=\"button\" style=\"display: none\">Erforderlichen Service akzeptieren und Inhalte entsperren<\/a> <\/div>\n<p> <a class=\"brlbs-cmpnt-cb-provider-toggle\" href=\"#\" data-borlabs-cookie-show-provider-information role=\"button\">Weitere Informationen<\/a> <\/div>\n<\/div>\n<p><small><a href=\"https:\/\/www.openstreetmap.org\/#map=16\/53.7163\/10.5540\">Gr\u00f6\u00dfere Karte anzeigen<\/a><\/small><\/p>\n","protected":false},"excerpt":{"rendered":"<p>Klinrade (pm). Die Klinkrader Gemeindevertretung, in Gestalt ihres Mitgliedes Wieland Grot, weist wieder rechtzeitig zur Einschulung, wie auch bereits in den Jahren zuvor, auf die besondere Gef\u00e4hrdung der Schulanf\u00e4nger im Stra\u00dfenverkehr hin. Klinkrades Stra\u00dfen werden viel f\u00fcr den Durchgangsverkehr genutzt und h\u00e4ufig nicht mit der zul\u00e4ssigen Geschwindigkeit. Deshalb wurden jetzt am Ortseingang und am Brink [&hellip;]<\/p>\n","protected":false},"author":14,"featured_media":16548,"comment_status":"open","ping_status":"closed","sticky":false,"template":"","format":"standard","meta":{"jnews-multi-image_gallery":[],"jnews_single_post":[],"jnews_primary_category":[],"jnews_social_meta":[],"jnews_override_counter":[],"jnews_post_split":[],"footnotes":""},"categories":[67,63,2],"tags":[1187,2406],"class_list":["post-16547","post","type-post","status-publish","format-standard","has-post-thumbnail","hentry","category-amt-sandesneben-nusse","category-herzogtum-lauenburg","category-startseite","tag-klinkrade","tag-schulanfang"],"_links":{"self":[{"href":"https:\/\/herzogtum-direkt.de\/index.php\/wp-json\/wp\/v2\/posts\/16547","targetHints":{"allow":["GET"]}}],"collection":[{"href":"https:\/\/herzogtum-direkt.de\/index.php\/wp-json\/wp\/v2\/posts"}],"about":[{"href":"https:\/\/herzogtum-direkt.de\/index.php\/wp-json\/wp\/v2\/types\/post"}],"author":[{"embeddable":true,"href":"https:\/\/herzogtum-direkt.de\/index.php\/wp-json\/wp\/v2\/users\/14"}],"replies":[{"embeddable":true,"href":"https:\/\/herzogtum-direkt.de\/index.php\/wp-json\/wp\/v2\/comments?post=16547"}],"version-history":[{"count":1,"href":"https:\/\/herzogtum-direkt.de\/index.php\/wp-json\/wp\/v2\/posts\/16547\/revisions"}],"predecessor-version":[{"id":16549,"href":"https:\/\/herzogtum-direkt.de\/index.php\/wp-json\/wp\/v2\/posts\/16547\/revisions\/16549"}],"wp:featuredmedia":[{"embeddable":true,"href":"https:\/\/herzogtum-direkt.de\/index.php\/wp-json\/wp\/v2\/media\/16548"}],"wp:attachment":[{"href":"https:\/\/herzogtum-direkt.de\/index.php\/wp-json\/wp\/v2\/media?parent=16547"}],"wp:term":[{"taxonomy":"category","embeddable":true,"href":"https:\/\/herzogtum-direkt.de\/index.php\/wp-json\/wp\/v2\/categories?post=16547"},{"taxonomy":"post_tag","embeddable":true,"href":"https:\/\/herzogtum-direkt.de\/index.php\/wp-json\/wp\/v2\/tags?post=16547"}],"curies":[{"name":"wp","href":"https:\/\/api.w.org\/{rel}","templated":true}]}}