{"id":16322,"date":"2019-08-07T05:26:49","date_gmt":"2019-08-07T03:26:49","guid":{"rendered":"https:\/\/herzogtum-direkt.de\/?p=16322"},"modified":"2019-08-08T08:07:13","modified_gmt":"2019-08-08T06:07:13","slug":"gemeindevertretung-krummesse-beschaeftigt-sich-mit-neuem-dorfzentrum","status":"publish","type":"post","link":"https:\/\/herzogtum-direkt.de\/index.php\/2019\/08\/07\/gemeindevertretung-krummesse-beschaeftigt-sich-mit-neuem-dorfzentrum\/","title":{"rendered":"Gemeindevertretung Krummesse besch\u00e4ftigt sich mit neuem Dorfzentrum"},"content":{"rendered":"<p><strong>Krummesse (pm).<\/strong> Im Zuge der Ausweisung von Wohnbaufl\u00e4chen denkt die Gemeinde Krummesse \u00fcber ein \u201eneues&#8220; Dorfzentrum nach. Der Punkt steht auf der Tagesordnung der n\u00e4chsten Sitzung der Gemeindevertretung. Diese findet am Donnerstag, 15. August 2019, ab 20 Uhr im D\u00f6rpshuus in Krummesse statt.<\/p>\n<p>Weitere Tagesordnungspunkte sind unter anderem die Einhaltung der Stra\u00dfenreinigungssatzung, die Jahresrechnung 2018 und die Festlegung eines Standortes f\u00fcr eine B\u00fccher-Zelle. Die vollst\u00e4ndige Tagesordnung kann auf dieser Homepage unter \u201eAmtliche Bekanntmachungen\u201c eingesehen werden.<\/p>\n<div class=\"brlbs-cmpnt-container brlbs-cmpnt-content-blocker brlbs-cmpnt-with-individual-styles\" data-borlabs-cookie-content-blocker-id=\"default\" data-borlabs-cookie-content=\"PGlmcmFtZSBzdHlsZT0iYm9yZGVyOiAxcHggc29saWQgYmxhY2s7IiBzcmM9Imh0dHBzOi8vd3d3Lm9wZW5zdHJlZXRtYXAub3JnL2V4cG9ydC9lbWJlZC5odG1sP2Jib3g9MTAuNjI3ODk5MTY5OTIxODc3JTJDNTMuNzczNzUwNDY1NzAxODElMkMxMC42NzA4MTQ1MTQxNjAxNTglMkM1My43OTE5NTYzNjY0Mzk2MSZhbXA7bGF5ZXI9bWFwbmlrIiB3aWR0aD0iNjI1IiBoZWlnaHQ9IjU1MCIgZnJhbWVib3JkZXI9IjAiIG1hcmdpbndpZHRoPSIwIiBtYXJnaW5oZWlnaHQ9IjAiIHNjcm9sbGluZz0ibm8iPjxzcGFuIHN0eWxlPSJkaXNwbGF5OiBpbmxpbmUtYmxvY2s7IHdpZHRoOiAwcHg7IG92ZXJmbG93OiBoaWRkZW47IGxpbmUtaGVpZ2h0OiAwOyIgZGF0YS1tY2UtdHlwZT0iYm9va21hcmsiIGNsYXNzPSJtY2VfU0VMUkVTX3N0YXJ0Ij7vu788L3NwYW4+PC9pZnJhbWU+\">\n<div class=\"brlbs-cmpnt-cb-preset-a\">\n<p class=\"brlbs-cmpnt-cb-description\">Sie sehen gerade einen Platzhalterinhalt von <strong>Standard<\/strong>. Um auf den eigentlichen Inhalt zuzugreifen, klicken Sie auf den Button unten. Bitte beachten Sie, dass dabei Daten an Drittanbieter weitergegeben werden.<\/p>\n<div class=\"brlbs-cmpnt-cb-buttons\"> <a class=\"brlbs-cmpnt-cb-btn\" href=\"#\" data-borlabs-cookie-unblock role=\"button\">Inhalt entsperren<\/a> <a class=\"brlbs-cmpnt-cb-btn\" href=\"#\" data-borlabs-cookie-accept-service role=\"button\" style=\"display: none\">Erforderlichen Service akzeptieren und Inhalte entsperren<\/a> <\/div>\n<p> <a class=\"brlbs-cmpnt-cb-provider-toggle\" href=\"#\" data-borlabs-cookie-show-provider-information role=\"button\">Weitere Informationen<\/a> <\/div>\n<\/div>\n<p><small><a href=\"https:\/\/www.openstreetmap.org\/#map=15\/53.7829\/10.6494\">Gr\u00f6\u00dfere Karte anzeigen<\/a><\/small><\/p>\n","protected":false},"excerpt":{"rendered":"<p>Krummesse (pm). Im Zuge der Ausweisung von Wohnbaufl\u00e4chen denkt die Gemeinde Krummesse \u00fcber ein \u201eneues&#8220; Dorfzentrum nach. Der Punkt steht auf der Tagesordnung der n\u00e4chsten Sitzung der Gemeindevertretung. Diese findet am Donnerstag, 15. August 2019, ab 20 Uhr im D\u00f6rpshuus in Krummesse statt. Weitere Tagesordnungspunkte sind unter anderem die Einhaltung der Stra\u00dfenreinigungssatzung, die Jahresrechnung 2018 [&hellip;]<\/p>\n","protected":false},"author":2,"featured_media":16323,"comment_status":"open","ping_status":"closed","sticky":false,"template":"","format":"standard","meta":{"jnews-multi-image_gallery":[],"jnews_single_post":[],"jnews_primary_category":[],"jnews_social_meta":[],"jnews_override_counter":[],"jnews_post_split":[],"footnotes":""},"categories":[65,63,2],"tags":[678,177],"class_list":["post-16322","post","type-post","status-publish","format-standard","has-post-thumbnail","hentry","category-amt-berkenthin","category-herzogtum-lauenburg","category-startseite","tag-amt-berkenthin","tag-krummesse"],"_links":{"self":[{"href":"https:\/\/herzogtum-direkt.de\/index.php\/wp-json\/wp\/v2\/posts\/16322","targetHints":{"allow":["GET"]}}],"collection":[{"href":"https:\/\/herzogtum-direkt.de\/index.php\/wp-json\/wp\/v2\/posts"}],"about":[{"href":"https:\/\/herzogtum-direkt.de\/index.php\/wp-json\/wp\/v2\/types\/post"}],"author":[{"embeddable":true,"href":"https:\/\/herzogtum-direkt.de\/index.php\/wp-json\/wp\/v2\/users\/2"}],"replies":[{"embeddable":true,"href":"https:\/\/herzogtum-direkt.de\/index.php\/wp-json\/wp\/v2\/comments?post=16322"}],"version-history":[{"count":1,"href":"https:\/\/herzogtum-direkt.de\/index.php\/wp-json\/wp\/v2\/posts\/16322\/revisions"}],"predecessor-version":[{"id":16324,"href":"https:\/\/herzogtum-direkt.de\/index.php\/wp-json\/wp\/v2\/posts\/16322\/revisions\/16324"}],"wp:featuredmedia":[{"embeddable":true,"href":"https:\/\/herzogtum-direkt.de\/index.php\/wp-json\/wp\/v2\/media\/16323"}],"wp:attachment":[{"href":"https:\/\/herzogtum-direkt.de\/index.php\/wp-json\/wp\/v2\/media?parent=16322"}],"wp:term":[{"taxonomy":"category","embeddable":true,"href":"https:\/\/herzogtum-direkt.de\/index.php\/wp-json\/wp\/v2\/categories?post=16322"},{"taxonomy":"post_tag","embeddable":true,"href":"https:\/\/herzogtum-direkt.de\/index.php\/wp-json\/wp\/v2\/tags?post=16322"}],"curies":[{"name":"wp","href":"https:\/\/api.w.org\/{rel}","templated":true}]}}