{"id":1624,"date":"2018-03-15T09:05:20","date_gmt":"2018-03-15T09:05:20","guid":{"rendered":"https:\/\/herzogtum-direkt.de\/?p=1624"},"modified":"2018-03-15T10:21:26","modified_gmt":"2018-03-15T10:21:26","slug":"doku-phaenomen-im-moellner-kino","status":"publish","type":"post","link":"https:\/\/herzogtum-direkt.de\/index.php\/2018\/03\/15\/doku-phaenomen-im-moellner-kino\/","title":{"rendered":"Doku-Ph\u00e4nomen im M\u00f6llner Kino"},"content":{"rendered":"<p><strong>M\u00f6lln (pm).<\/strong> Die Dokumentation \u201eWeit\u201c brach bei den vergangenen Doku-Dienstagen im M\u00f6llner Augustinum alle Rekorde. Aufgrund der ungebrochen gro\u00dfen Nachfragen l\u00e4uft der Film an diesem Wochenende nun auch im regul\u00e4ren Programm des Kino in M\u00f6lln.<\/p>\n<p>Zu zweit zogen Patrick und Gwen im Fr\u00fchling 2013 von Freiburg gen Osten los, um dreieinhalb Jahre und 97.000 Kilometer sp\u00e4ter zu dritt aus dem Westen wieder nach Hause zu kehren. Ohne zu fliegen und mit einem kleinen Budget in der Tasche erkundeten sie die Welt, stets von Neugierde und Spontanit\u00e4t begleitet. Im Mittelpunkt der Reise standen dabei immer die unmittelbare N\u00e4he zu den Menschen und der Natur. Gwen und Patrick bereisten per Anhalter L\u00e4nder wie Tadschikistan, Georgien, Iran, Pakistan, China und die Mongolei. Von Japan ging es mit einem Frachtschiff nach Mexiko. Nach der Geburt von Sohn Bruno fuhren sie mit einem alten VW-Bus durch Mittelamerika. Als sie im Fr\u00fchjahr 2016 nach einer Schiffspassage von Costa Rica nach Spanien wieder europ\u00e4ischen Boden unter den F\u00fc\u00dfen sp\u00fcrten, haben sie die Weltumrundung mit einem 1200 Kilometer Fu\u00dfmarsch bis vor die Haust\u00fcre in Freiburg vollendet.<\/p>\n<div class=\"brlbs-cmpnt-container brlbs-cmpnt-content-blocker brlbs-cmpnt-with-individual-styles\" data-borlabs-cookie-content-blocker-id=\"youtube-content-blocker\" data-borlabs-cookie-content=\"PGlmcmFtZSBzcmM9Imh0dHBzOi8vd3d3LnlvdXR1YmUtbm9jb29raWUuY29tL2VtYmVkL0tOcXhsc3FKVVBRIiB3aWR0aD0iODU0IiBoZWlnaHQ9IjQ4MCIgZnJhbWVib3JkZXI9IjAiIGFsbG93ZnVsbHNjcmVlbj0iYWxsb3dmdWxsc2NyZWVuIj48L2lmcmFtZT4=\">\n<div class=\"brlbs-cmpnt-cb-preset-c brlbs-cmpnt-cb-youtube\">\n<div class=\"brlbs-cmpnt-cb-thumbnail\" style=\"background-image: url('https:\/\/herzogtum-direkt.de\/wp-content\/uploads\/borlabs-cookie\/1\/yt_KNqxlsqJUPQ_hqdefault.jpg')\"><\/div>\n<div class=\"brlbs-cmpnt-cb-main\">\n<div class=\"brlbs-cmpnt-cb-play-button\"><\/div>\n<div class=\"brlbs-cmpnt-cb-content\">\n<p class=\"brlbs-cmpnt-cb-description\">Sie sehen gerade einen Platzhalterinhalt von <strong>YouTube<\/strong>. Um auf den eigentlichen Inhalt zuzugreifen, klicken Sie auf die Schaltfl\u00e4che unten. Bitte beachten Sie, dass dabei Daten an Drittanbieter weitergegeben werden.<\/p>\n<p> <a class=\"brlbs-cmpnt-cb-provider-toggle\" href=\"#\" data-borlabs-cookie-show-provider-information role=\"button\">Mehr Informationen<\/a> <\/div>\n<div class=\"brlbs-cmpnt-cb-buttons\"> <a class=\"brlbs-cmpnt-cb-btn\" href=\"#\" data-borlabs-cookie-unblock role=\"button\">Inhalt entsperren<\/a> <a class=\"brlbs-cmpnt-cb-btn\" href=\"#\" data-borlabs-cookie-accept-service role=\"button\" style=\"display: inherit\">Erforderlichen Service akzeptieren und Inhalte entsperren<\/a> <\/div><\/div><\/div>\n<\/div>\n<p>Manche Dokumentarfilme sind aufr\u00fcttelnd, manche spannend und manche sind ein farbenfrohes Bilderbuch. \u201eWeit\u201c ist irgendwie all das &#8211; und doch ganz anders. Die Dokumentarfilm-\u00dcberraschung des Jahres &#8211; ohne echtes Budget gedreht und ohne klassischen Produktionsweg &#8211; verbl\u00fcffte deutschlandweit immer wieder mit vollen Kinos\u00e4len. Auf der Filmkunstmesse in Leipzig erhielt er im September den Preis als \u201eKinoph\u00e4nomen des Jahres\u201c.<\/p>\n<p>Im M\u00f6llner Augustinum l\u00e4uft \u201eWeit\u201c am Freitag und Sonnabend um jeweils 19.30 Uhr.<\/p>\n<p><strong>Die kommenden \u201eKino in M\u00f6lln\u201c-Termine bis zum 18. April<\/strong><\/p>\n<p>Freitag, 16.03.2018 um 19:30 Uhr: WEIT<br \/>\nSamstag, 17.03.2018 um 19:30 Uhr: WEIT<\/p>\n<p>Dienstag, 20.03.2018 um 19:30 Uhr: FREE LUNCH SOCIETY (Doku-Dienstag)<\/p>\n<p>Freitag, 23.03.2018 um 19:30 Uhr: DIE DUNKELSTE STUNDE<br \/>\nSamstag, 24.03.2018 um 19:30 Uhr: DIE DUNKELSTE STUNDE<\/p>\n<p>Freitag, 06.04.2018 um 19:30 Uhr: DIE VERLEGERIN<br \/>\nSamstag, 07.04.2018 um 19:30 Uhr: DIE VERLEGERIN<\/p>\n<p>Dienstag, 10.04.2018 um 19:30 Uhr: DIE GR\u00dcNE L\u00dcGE (Doku-Dienstag)<\/p>\n<p>Freitag, 13.04.2018 um 19:30 Uhr: DAS SCHWEIGENDE KLASSENZIMMER<br \/>\nSamstag, 14.04.2018 um 19:30 Uhr: DAS SCHWEIGENDE KLASSENZIMMER<\/p>\n<p>Mittwoch, 18.04.2018 um 19:30 Uhr: HIDDEN FIGURES (LandFrauenKino)<\/p>\n<p>Einen aktuellen \u00dcberblick finden Sie auch unter <a href=\"http:\/\/www.kino-in-moelln.de\" target=\"_blank\" rel=\"noopener\">www.kino-in-moelln.de<\/a>.<\/p>\n","protected":false},"excerpt":{"rendered":"<p>M\u00f6lln (pm). Die Dokumentation \u201eWeit\u201c brach bei den vergangenen Doku-Dienstagen im M\u00f6llner Augustinum alle Rekorde. Aufgrund der ungebrochen gro\u00dfen Nachfragen l\u00e4uft der Film an diesem Wochenende nun auch im regul\u00e4ren Programm des Kino in M\u00f6lln. Zu zweit zogen Patrick und Gwen im Fr\u00fchling 2013 von Freiburg gen Osten los, um dreieinhalb Jahre und 97.000 Kilometer [&hellip;]<\/p>\n","protected":false},"author":2,"featured_media":1625,"comment_status":"open","ping_status":"closed","sticky":false,"template":"","format":"standard","meta":{"jnews-multi-image_gallery":[],"jnews_single_post":[],"jnews_primary_category":[],"jnews_social_meta":[],"jnews_override_counter":[],"jnews_post_split":[],"footnotes":""},"categories":[70,2],"tags":[292],"class_list":["post-1624","post","type-post","status-publish","format-standard","has-post-thumbnail","hentry","category-kultur","category-startseite","tag-kino-moelln"],"_links":{"self":[{"href":"https:\/\/herzogtum-direkt.de\/index.php\/wp-json\/wp\/v2\/posts\/1624","targetHints":{"allow":["GET"]}}],"collection":[{"href":"https:\/\/herzogtum-direkt.de\/index.php\/wp-json\/wp\/v2\/posts"}],"about":[{"href":"https:\/\/herzogtum-direkt.de\/index.php\/wp-json\/wp\/v2\/types\/post"}],"author":[{"embeddable":true,"href":"https:\/\/herzogtum-direkt.de\/index.php\/wp-json\/wp\/v2\/users\/2"}],"replies":[{"embeddable":true,"href":"https:\/\/herzogtum-direkt.de\/index.php\/wp-json\/wp\/v2\/comments?post=1624"}],"version-history":[{"count":2,"href":"https:\/\/herzogtum-direkt.de\/index.php\/wp-json\/wp\/v2\/posts\/1624\/revisions"}],"predecessor-version":[{"id":1627,"href":"https:\/\/herzogtum-direkt.de\/index.php\/wp-json\/wp\/v2\/posts\/1624\/revisions\/1627"}],"wp:featuredmedia":[{"embeddable":true,"href":"https:\/\/herzogtum-direkt.de\/index.php\/wp-json\/wp\/v2\/media\/1625"}],"wp:attachment":[{"href":"https:\/\/herzogtum-direkt.de\/index.php\/wp-json\/wp\/v2\/media?parent=1624"}],"wp:term":[{"taxonomy":"category","embeddable":true,"href":"https:\/\/herzogtum-direkt.de\/index.php\/wp-json\/wp\/v2\/categories?post=1624"},{"taxonomy":"post_tag","embeddable":true,"href":"https:\/\/herzogtum-direkt.de\/index.php\/wp-json\/wp\/v2\/tags?post=1624"}],"curies":[{"name":"wp","href":"https:\/\/api.w.org\/{rel}","templated":true}]}}