{"id":15800,"date":"2019-07-16T09:46:52","date_gmt":"2019-07-16T07:46:52","guid":{"rendered":"https:\/\/herzogtum-direkt.de\/?p=15800"},"modified":"2019-07-16T09:46:52","modified_gmt":"2019-07-16T07:46:52","slug":"wir2-geht-in-die-naechste-runde","status":"publish","type":"post","link":"https:\/\/herzogtum-direkt.de\/index.php\/2019\/07\/16\/wir2-geht-in-die-naechste-runde\/","title":{"rendered":"&#8218;wir2&#8216; geht in die n\u00e4chste Runde"},"content":{"rendered":"<p><strong>Ratzeburg\/M\u00f6lln (pm).<\/strong> Alleinerziehende M\u00fctter und V\u00e4ter haben mit vielen Schwierigkeiten zu k\u00e4mpfen. Zeitmangel, Stress und zu wenig Unterst\u00fctzung in Alltags- und Erziehungsfragen sorgen f\u00fcr hohe Belastungen. Hier setzt das Projekt \u201ewir2 \u2013 ein Bindungstraining f\u00fcr Alleinerziehende\u201c in Tr\u00e4gerschaft des Diakonischen Werkes Herzogtum Lauenburg an.<\/p>\n<p>\u201ewir2\u201c will die Alleinerziehenden \u2013 fast immer sind es Frauen, aber auch interessierte alleinerziehende M\u00e4nner sind angesprochen \u2013 st\u00e4rken. In 20 Sitzungen, geleitet von zwei besonders geschulten p\u00e4dagogischen Fachkr\u00e4ften, geht es um die eigenen Gef\u00fchle, die Gef\u00fchle der Kinder, die Trennung der Eltern oder den Verlust eines Elternteils und um allt\u00e4gliche Situationen. Die Teilnehmenden haben in der Regel \u00e4hnliche Sorgen und N\u00f6te, aber auch Erfahrungen gesammelt und es entsteht ein starkes \u201eWir\u201c Gef\u00fchl. Ein Ziel ist es dabei, ein nachhaltiges Ein-Eltern Familiennetzwerk im Herzogtum Lauenburg anzubieten.<\/p>\n<p>Der Kurs wird durch die Deutsche Fernsehlotterie gef\u00f6rdert, so dass er f\u00fcr die Teilnehmenden kostenfrei angeboten werden kann. \u201ewir2\u201c richtet sich an Alleinerziehende mit Kindern von drei bis zw\u00f6lf Jahren.<\/p>\n<p>Der Kurs in Ratzeburg startet am Montag, 12. August 2019, um 15.30 und findet anschlie\u00dfend immer montags von 16 bis 17.30 Uhr im Gleis 21, Saarlandstra\u00dfe 2, in Ratzeburg statt.<\/p>\n<p>Der Kurs in M\u00f6lln startet am Sonnabend, 24. August 2019, von 10 bis 14 Uhr und findet anschlie\u00dfend immer mittwochs von 16 bis 17.30 Uhr in der Astrid-Lindgren-Schule, Sch\u00e4ferkamp 16, in M\u00f6lln statt.<\/p>\n<p>Weitere Informationen gibt es telefonisch bei der \u201ewir2\u201c Koordinatorin Maike Tepper, 04541\/ 88 93 57 oder unter <a href=\"http:\/\/www.familienzentrum-rz.de\" target=\"_blank\" rel=\"noopener noreferrer\">www.familienzentrum-rz.de<\/a><\/p>\n","protected":false},"excerpt":{"rendered":"<p>Ratzeburg\/M\u00f6lln (pm). Alleinerziehende M\u00fctter und V\u00e4ter haben mit vielen Schwierigkeiten zu k\u00e4mpfen. Zeitmangel, Stress und zu wenig Unterst\u00fctzung in Alltags- und Erziehungsfragen sorgen f\u00fcr hohe Belastungen. Hier setzt das Projekt \u201ewir2 \u2013 ein Bindungstraining f\u00fcr Alleinerziehende\u201c in Tr\u00e4gerschaft des Diakonischen Werkes Herzogtum Lauenburg an. \u201ewir2\u201c will die Alleinerziehenden \u2013 fast immer sind es Frauen, aber [&hellip;]<\/p>\n","protected":false},"author":2,"featured_media":15801,"comment_status":"open","ping_status":"closed","sticky":false,"template":"","format":"standard","meta":{"jnews-multi-image_gallery":[],"jnews_single_post":[],"jnews_primary_category":[],"jnews_social_meta":[],"jnews_override_counter":[],"jnews_post_split":[],"footnotes":""},"categories":[63,66,64],"tags":[947,1323],"class_list":["post-15800","post","type-post","status-publish","format-standard","has-post-thumbnail","hentry","category-herzogtum-lauenburg","category-moelln","category-ratzeburg","tag-wir2","tag-familienzentrum-ratzeburg"],"_links":{"self":[{"href":"https:\/\/herzogtum-direkt.de\/index.php\/wp-json\/wp\/v2\/posts\/15800","targetHints":{"allow":["GET"]}}],"collection":[{"href":"https:\/\/herzogtum-direkt.de\/index.php\/wp-json\/wp\/v2\/posts"}],"about":[{"href":"https:\/\/herzogtum-direkt.de\/index.php\/wp-json\/wp\/v2\/types\/post"}],"author":[{"embeddable":true,"href":"https:\/\/herzogtum-direkt.de\/index.php\/wp-json\/wp\/v2\/users\/2"}],"replies":[{"embeddable":true,"href":"https:\/\/herzogtum-direkt.de\/index.php\/wp-json\/wp\/v2\/comments?post=15800"}],"version-history":[{"count":1,"href":"https:\/\/herzogtum-direkt.de\/index.php\/wp-json\/wp\/v2\/posts\/15800\/revisions"}],"predecessor-version":[{"id":15802,"href":"https:\/\/herzogtum-direkt.de\/index.php\/wp-json\/wp\/v2\/posts\/15800\/revisions\/15802"}],"wp:featuredmedia":[{"embeddable":true,"href":"https:\/\/herzogtum-direkt.de\/index.php\/wp-json\/wp\/v2\/media\/15801"}],"wp:attachment":[{"href":"https:\/\/herzogtum-direkt.de\/index.php\/wp-json\/wp\/v2\/media?parent=15800"}],"wp:term":[{"taxonomy":"category","embeddable":true,"href":"https:\/\/herzogtum-direkt.de\/index.php\/wp-json\/wp\/v2\/categories?post=15800"},{"taxonomy":"post_tag","embeddable":true,"href":"https:\/\/herzogtum-direkt.de\/index.php\/wp-json\/wp\/v2\/tags?post=15800"}],"curies":[{"name":"wp","href":"https:\/\/api.w.org\/{rel}","templated":true}]}}