{"id":15471,"date":"2019-07-02T06:25:04","date_gmt":"2019-07-02T04:25:04","guid":{"rendered":"https:\/\/herzogtum-direkt.de\/?p=15471"},"modified":"2019-07-03T09:51:52","modified_gmt":"2019-07-03T07:51:52","slug":"kreis-herzogtum-lauenburg-unterstuetzt-loescharbeiten-in-luebtheen","status":"publish","type":"post","link":"https:\/\/herzogtum-direkt.de\/index.php\/2019\/07\/02\/kreis-herzogtum-lauenburg-unterstuetzt-loescharbeiten-in-luebtheen\/","title":{"rendered":"Kreis Herzogtum Lauenburg unterst\u00fctzt L\u00f6scharbeiten in L\u00fcbtheen"},"content":{"rendered":"<p><strong>Herzogtum Lauenburg\/L\u00fcbtheen (pm).<\/strong> Kurz nach 5 Uhr am Dienstagmorgen wurde der Kreis Herzogtum Lauenburg durch das Innenministerium des Landes Schleswig-Holstein alarmiert um die L\u00f6scharbeiten im benachbarten Kreis Ludwigslust-Parchim zu unterst\u00fctzen. Dort hatte der Landrat am vergangenen Sonntag wegen eines gro\u00dffl\u00e4chigen Waldbrandes Katastrophenalarm ausgel\u00f6st. Einzelne Gemeinden wurden bereits evakuiert.<\/p>\n<p>Neben der akuten Gefahr durch Munitionsr\u00fcckst\u00e4nde im Waldboden des ehemaligen Bundeswehr-Truppen\u00fcbungsplatzes haben die Feuerwehren vor Ort vor allem Bedarf an Wassertransporteinheiten um die Wasserversorgung der L\u00f6scharbeiten sicherzustellen. Das Land Mecklenburg-Vorpommern hat entsprechend Unterst\u00fctzung in Schleswig-Holstein angefordert. Der Kreis Herzogtum Lauenburg setzte daher die Kameradinnen und Kameraden der f\u00fcnften Feuerwehrbereitschaft, der sogenannten Wassertransportbereitschaft, in Marsch, welche auf den Transport von L\u00f6schwasser spezialisiert sind. Mit zw\u00f6lf L\u00f6schfahrzeugen, die 50.000 Liter Wasser transportieren k\u00f6nnen, werden die L\u00f6scharbeiten f\u00fcr bis zu 48 Stunden unterst\u00fctzt. Sp\u00e4testens dann soll es eine entsprechende Abl\u00f6sung durch eine andere Feuerwehrbereitschaft aus Schleswig-Holstein geben.<\/p>\n<p>F\u00fcr die eigene Versorgung wurde der f\u00fcnften Feuerwehrbereitschaft eine Logistik Einheit sowie ein Notfall-Krankentransportwagen aus dem Kreis Herzogtum Lauenburg zur Seite gestellt. Insgesamt sind fast 100 Feuerwehrleute aus dem Kreisgebiet nach L\u00fcbtheen unterwegs. Nichtsdestotrotz ist die Brandbereitschaft im Kreis Herzogtum Lauenburg sichergestellt.<\/p>\n<p>\u201eDie Unterst\u00fctzung in so einer Situation ist selbstverst\u00e4ndlich. Im umgekehrten Fall, w\u00fcrden sich die Kameradinnen und Kameraden aus Mecklenburg-Vorpommern auch f\u00fcr unseren Kreis einsetzen&#8220;, erkl\u00e4rte Landrat Christoph Mager.&#8220;<\/p>\n","protected":false},"excerpt":{"rendered":"<p>Herzogtum Lauenburg\/L\u00fcbtheen (pm). Kurz nach 5 Uhr am Dienstagmorgen wurde der Kreis Herzogtum Lauenburg durch das Innenministerium des Landes Schleswig-Holstein alarmiert um die L\u00f6scharbeiten im benachbarten Kreis Ludwigslust-Parchim zu unterst\u00fctzen. Dort hatte der Landrat am vergangenen Sonntag wegen eines gro\u00dffl\u00e4chigen Waldbrandes Katastrophenalarm ausgel\u00f6st. Einzelne Gemeinden wurden bereits evakuiert. Neben der akuten Gefahr durch Munitionsr\u00fcckst\u00e4nde im [&hellip;]<\/p>\n","protected":false},"author":2,"featured_media":3409,"comment_status":"open","ping_status":"closed","sticky":false,"template":"","format":"standard","meta":{"jnews-multi-image_gallery":[],"jnews_single_post":[],"jnews_primary_category":[],"jnews_social_meta":[],"jnews_override_counter":[],"jnews_post_split":[],"footnotes":""},"categories":[63,2],"tags":[409,2317,1253],"class_list":["post-15471","post","type-post","status-publish","format-standard","has-post-thumbnail","hentry","category-herzogtum-lauenburg","category-startseite","tag-feuerwehr","tag-luebtheen","tag-waldbrand"],"_links":{"self":[{"href":"https:\/\/herzogtum-direkt.de\/index.php\/wp-json\/wp\/v2\/posts\/15471","targetHints":{"allow":["GET"]}}],"collection":[{"href":"https:\/\/herzogtum-direkt.de\/index.php\/wp-json\/wp\/v2\/posts"}],"about":[{"href":"https:\/\/herzogtum-direkt.de\/index.php\/wp-json\/wp\/v2\/types\/post"}],"author":[{"embeddable":true,"href":"https:\/\/herzogtum-direkt.de\/index.php\/wp-json\/wp\/v2\/users\/2"}],"replies":[{"embeddable":true,"href":"https:\/\/herzogtum-direkt.de\/index.php\/wp-json\/wp\/v2\/comments?post=15471"}],"version-history":[{"count":1,"href":"https:\/\/herzogtum-direkt.de\/index.php\/wp-json\/wp\/v2\/posts\/15471\/revisions"}],"predecessor-version":[{"id":15472,"href":"https:\/\/herzogtum-direkt.de\/index.php\/wp-json\/wp\/v2\/posts\/15471\/revisions\/15472"}],"wp:featuredmedia":[{"embeddable":true,"href":"https:\/\/herzogtum-direkt.de\/index.php\/wp-json\/wp\/v2\/media\/3409"}],"wp:attachment":[{"href":"https:\/\/herzogtum-direkt.de\/index.php\/wp-json\/wp\/v2\/media?parent=15471"}],"wp:term":[{"taxonomy":"category","embeddable":true,"href":"https:\/\/herzogtum-direkt.de\/index.php\/wp-json\/wp\/v2\/categories?post=15471"},{"taxonomy":"post_tag","embeddable":true,"href":"https:\/\/herzogtum-direkt.de\/index.php\/wp-json\/wp\/v2\/tags?post=15471"}],"curies":[{"name":"wp","href":"https:\/\/api.w.org\/{rel}","templated":true}]}}