{"id":15458,"date":"2019-07-02T09:06:48","date_gmt":"2019-07-02T07:06:48","guid":{"rendered":"https:\/\/herzogtum-direkt.de\/?p=15458"},"modified":"2019-07-02T09:06:48","modified_gmt":"2019-07-02T07:06:48","slug":"eindeutiges-bekenntnis-fuer-die-region","status":"publish","type":"post","link":"https:\/\/herzogtum-direkt.de\/index.php\/2019\/07\/02\/eindeutiges-bekenntnis-fuer-die-region\/","title":{"rendered":"Eindeutiges Bekenntnis f\u00fcr die Region"},"content":{"rendered":"<p><strong>Ratzeburg (pm).<\/strong> Im sehr gut gef\u00fcllten Saal des Parkrestaurants der AMEOS-Gruppe in Ratzeburg erfuhren die Mitglieder und G\u00e4ste der Raiffeisenbank Ratzeburg aus erster Hand, wie sich &#8222;ihre Bank&#8220; in 2018 in vielerlei Hinsicht positiv weiterentwickeln konnte. Die Zahlen sprechen f\u00fcr sich: Die Bilanzsumme steigerte sich zum Vorjahr um 7,38 Prozent auf 145.578 TEUR, die Ausleihungen sogar um 13,32 Prozent auf 112.255 TEUR. Die Verm\u00f6gensverh\u00e4ltnisse und die Gesch\u00e4ftsf\u00fchrung seien geordnet, der Vorstand sowie der Aufsichtsrat wurden entlastet, die Dividende mit 3,5 Proizent beschlossen.<\/p>\n<figure id=\"attachment_15460\" aria-describedby=\"caption-attachment-15460\" style=\"width: 350px\" class=\"wp-caption alignleft\"><a href=\"https:\/\/2021.herzogtum-direkt.de\/wp-content\/uploads\/2019\/07\/Raiba-Generalvers-2019a.jpg\"><img fetchpriority=\"high\" decoding=\"async\" class=\" wp-image-15460\" src=\"https:\/\/2021.herzogtum-direkt.de\/wp-content\/uploads\/2019\/07\/Raiba-Generalvers-2019a-300x227.jpg\" alt=\"\" width=\"350\" height=\"265\" srcset=\"https:\/\/herzogtum-direkt.de\/wp-content\/uploads\/2019\/07\/Raiba-Generalvers-2019a-300x227.jpg 300w, https:\/\/herzogtum-direkt.de\/wp-content\/uploads\/2019\/07\/Raiba-Generalvers-2019a-768x580.jpg 768w, https:\/\/herzogtum-direkt.de\/wp-content\/uploads\/2019\/07\/Raiba-Generalvers-2019a-80x60.jpg 80w, https:\/\/herzogtum-direkt.de\/wp-content\/uploads\/2019\/07\/Raiba-Generalvers-2019a-696x525.jpg 696w, https:\/\/herzogtum-direkt.de\/wp-content\/uploads\/2019\/07\/Raiba-Generalvers-2019a-556x420.jpg 556w, https:\/\/herzogtum-direkt.de\/wp-content\/uploads\/2019\/07\/Raiba-Generalvers-2019a.jpg 1000w\" sizes=\"(max-width: 350px) 100vw, 350px\" \/><\/a><figcaption id=\"caption-attachment-15460\" class=\"wp-caption-text\">Hans-Joachim Wiese nimmt ganz gl\u00fccklich f\u00fcr 50 Jahre Mitgliedschaft bei der Raiffeisenbank Ratzeburg den Blumenstrau\u00df vom Vorstand Kerstin Andresen in Empfang. Foto: hfr<\/figcaption><\/figure>\n<p>Stefan Rosenkranz und Cord Wulff-Thaysen wurden erneut in ihren \u00c4mtern im Aufsichtsrat der Bank best\u00e4tigt. Anfang 2018 bezog die Mannschaft die neuen R\u00e4umlichkeiten der Hauptstelle in der Ratzeburger Schweriner Stra\u00dfe 84. Seitdem konnten an diesem Standort fast 500 neue Kunden und Mitglieder willkommen gehei\u00dfen werden. Im Hinblick auf das weiter anhaltende niedrige Zinsniveau plant die stark regionalverbundene Ratzeburger Genossenschaftsbank weitere Bau- und Umbauma\u00dfnahmen an den verschiedenen Standorten. F\u00fcr die weiter \u00fcberbordende Regulatorik im Bankwesen g\u00e4be es noch keine Rezeptur, um den kleineren, gesunden Genossenschaftsbanken den R\u00fccken zu st\u00e4rken.<\/p>\n<p>Die Nachwuchskr\u00e4fte, Laura Lo\u00df und Bia Lucia Tietz, erhalten vom Vorstand Thomas Na\u00df f\u00fcr deren herausragende Leistungen (Abschlusspr\u00fcfung\/Bankkauffrau: Gesamtnote 1) wundersch\u00f6ne Blumenstr\u00e4u\u00dfe \u00fcberreicht. Lasst Blumen sprechen&#8230;. Auch Hans-Joachim Wiese wurde f\u00fcr 50 Jahre Bank-Mitgliedschaft vom Vorstand Kerstin Andresen mit Blumen und freundlichen Worten bedacht. Die Generalversammlung schloss mit einem gemeinsamen Essen und guten Gespr\u00e4chen am sp\u00e4ten Abend.<\/p>\n","protected":false},"excerpt":{"rendered":"<p>Ratzeburg (pm). Im sehr gut gef\u00fcllten Saal des Parkrestaurants der AMEOS-Gruppe in Ratzeburg erfuhren die Mitglieder und G\u00e4ste der Raiffeisenbank Ratzeburg aus erster Hand, wie sich &#8222;ihre Bank&#8220; in 2018 in vielerlei Hinsicht positiv weiterentwickeln konnte. Die Zahlen sprechen f\u00fcr sich: Die Bilanzsumme steigerte sich zum Vorjahr um 7,38 Prozent auf 145.578 TEUR, die Ausleihungen [&hellip;]<\/p>\n","protected":false},"author":2,"featured_media":15459,"comment_status":"open","ping_status":"closed","sticky":false,"template":"","format":"standard","meta":{"jnews-multi-image_gallery":[],"jnews_single_post":[],"jnews_primary_category":[],"jnews_social_meta":[],"jnews_override_counter":[],"jnews_post_split":[],"footnotes":""},"categories":[95,72],"tags":[284],"class_list":["post-15458","post","type-post","status-publish","format-standard","has-post-thumbnail","hentry","category-aus-der-region","category-wirtschaft","tag-raiffeisenbank-ratzeburg"],"_links":{"self":[{"href":"https:\/\/herzogtum-direkt.de\/index.php\/wp-json\/wp\/v2\/posts\/15458","targetHints":{"allow":["GET"]}}],"collection":[{"href":"https:\/\/herzogtum-direkt.de\/index.php\/wp-json\/wp\/v2\/posts"}],"about":[{"href":"https:\/\/herzogtum-direkt.de\/index.php\/wp-json\/wp\/v2\/types\/post"}],"author":[{"embeddable":true,"href":"https:\/\/herzogtum-direkt.de\/index.php\/wp-json\/wp\/v2\/users\/2"}],"replies":[{"embeddable":true,"href":"https:\/\/herzogtum-direkt.de\/index.php\/wp-json\/wp\/v2\/comments?post=15458"}],"version-history":[{"count":1,"href":"https:\/\/herzogtum-direkt.de\/index.php\/wp-json\/wp\/v2\/posts\/15458\/revisions"}],"predecessor-version":[{"id":15461,"href":"https:\/\/herzogtum-direkt.de\/index.php\/wp-json\/wp\/v2\/posts\/15458\/revisions\/15461"}],"wp:featuredmedia":[{"embeddable":true,"href":"https:\/\/herzogtum-direkt.de\/index.php\/wp-json\/wp\/v2\/media\/15459"}],"wp:attachment":[{"href":"https:\/\/herzogtum-direkt.de\/index.php\/wp-json\/wp\/v2\/media?parent=15458"}],"wp:term":[{"taxonomy":"category","embeddable":true,"href":"https:\/\/herzogtum-direkt.de\/index.php\/wp-json\/wp\/v2\/categories?post=15458"},{"taxonomy":"post_tag","embeddable":true,"href":"https:\/\/herzogtum-direkt.de\/index.php\/wp-json\/wp\/v2\/tags?post=15458"}],"curies":[{"name":"wp","href":"https:\/\/api.w.org\/{rel}","templated":true}]}}