{"id":15136,"date":"2019-06-21T08:14:00","date_gmt":"2019-06-21T06:14:00","guid":{"rendered":"https:\/\/herzogtum-direkt.de\/?p=15136"},"modified":"2019-06-21T08:14:00","modified_gmt":"2019-06-21T06:14:00","slug":"18-markt-der-unmoeglichkeiten","status":"publish","type":"post","link":"https:\/\/herzogtum-direkt.de\/index.php\/2019\/06\/21\/18-markt-der-unmoeglichkeiten\/","title":{"rendered":"18. Markt der (Un)M\u00f6glichkeiten"},"content":{"rendered":"<p><strong>Ratzeburg (pm).<\/strong> Am Montag, 1. Juli 2019, beginnt das Sommerferienprogramm der Stadtjugendpflege Ratzeburg im \u201ePavillon\u201c an der Schlo\u00dfwiese. Es ist der 18. Markt der (Un)M\u00f6glichkeiten.<\/p>\n<p>Vom 1. bis 19. Juli 2019 wird im \u201ePavillon\u201c an der Schlo\u00dfwiese erneut ein interessantes und abwechslungsreiches Ferienprogramm angeboten. Montags bis freitags von 14 bis 17 Uhr steht die Stadtjugendpflege mit seinen ehrenamtlichen Helfern bereit Kindern aus Ratzeburg und G\u00e4sten der Inselstadt wieder ein besonderes Ferienprogramm zu bieten. Die diesj\u00e4hrigen Schwerpunkte sind &#8222;schlau bauen&#8220; und &#8222;Experiment im Glas&#8220;. Der Zirkusworkshop ist leider bereits ausgebucht.<\/p>\n<p>Die Sommerferien starten mit dem inzwischen traditionellem Sommerfest der DLRG Ratzeburg und der Stadtjugendpflege am Strandbad \u201eSchlo\u00dfwiese\u201c. Kleine und gro\u00dfe Spiele, Essen &amp; Trinken, eine gro\u00dfe Tombola laden zum Verweilen ein. Zum Ausklang gibt es einen Auftritt der Gruppe \u201eSoltoros\u201c ab 17 Uhr mit FLAMENKO-Rock, die passende Musik f\u00fcr einen sch\u00f6nen Sommerabend.<\/p>\n<p>Beim diesj\u00e4hrigen Sommerferienprogramm ist einiges anders als in den vergangenen Jahren. Der Markt der (Un)M\u00f6glichkeiten ist bei den \u00f6rtlichen Aktionen von 14 bis 17 Uhr ge\u00f6ffnet. Bei einer Teilnahme ist es wichtig zu beachten das ein Einstieg nach 14 Uhr nicht m\u00f6glich ist. Die Angebote auf dem Markt der (Un)M\u00f6glichkeiten sind gr\u00f6\u00dftenteils kostenfrei und es ist eine Anmeldung erforderlich, da die Kapazit\u00e4ten je nach Angebot begrenzt sind , entweder unter <a href=\"mailto:brandt@ratzeburg.de\">brandt@ratzeburg.de<\/a> oder direkt ab den 1. Juli 2019 auf dem Markt der (Un)M\u00f6glichkeiten<\/p>\n<p>Den Abschluss des Ferienprogramms und der Ferienbetreuung der Offenen Ganztagsschule wird am Freitag, den 19. Juli auf dem Marktplatz gefeiert. Ein H\u00f6hepunkt ist die gro\u00dfe Galavorstellung des Kinderzirkus \u201eRatzeputz\u201c. Die Teilnehmerinnen und Teilnehmer des diesj\u00e4hrigen Zirkusworkshops zeigen ein volles Zirkusprogramm mit Akrobatik, Jonglage, Clownsnummern, Einrad fahren und, und, und. Nach der Galavorstellung kann auf dem in einen tollen Spielplatz verwandelten Marktplatz gespielt, getobt und viele Spiele aus dem Spielmobil der Stadtjugendpflege ausprobiert werden.<\/p>\n<p><strong>Programm der 1. Woche vom 1.7. bis 5.7.2019<\/strong><\/p>\n<p>Montag: KUBB-Turnier, oder auch Wikingerschach, ab 8 Jahre, Anmeldung erforderlich<\/p>\n<p>Dienstag: &#8222;Schlau bauen&#8220; &#8211; H\u00e4ngematte<br \/>\n(nach einer Knotenkunde werden in Gemeinschaftsarbeit zwei H\u00e4ngematten geknotet. Nur noch wenige Pl\u00e4tze frei!)<\/p>\n<p>Mittwoch: &#8222;Leonardo-Br\u00fccke&#8220;<br \/>\n(Wir zeigen euch wie diese Br\u00fccke ohne N\u00e4gel, Leim oder Band gebaut wird)<\/p>\n<p>Donnerstag: &#8222;Experimente im Glas&#8220; &#8211; Riesenseifenblasen<br \/>\n(Es werden verschiedene Seifenblasenlaugen ausprobiert.)<\/p>\n<p>Freitag: Das Spielmobil l\u00e4dt zum Spielen und Ausprobieren ein. Ihr werdet staunen was da alles zum Vorschein kommt<\/p>\n<p>Die ganze Woche \u00fcber kann ein einem Sonderprogramm teilgenommen werden. Aus einem alten Hei\u00dfluftballon n\u00e4hen wir einen \u201ekleinen\u201c Hei\u00dfluftballon, der dann auch am Ende des Ferienprogramms fahren soll.<\/p>\n<p>&nbsp;<\/p>\n","protected":false},"excerpt":{"rendered":"<p>Ratzeburg (pm). Am Montag, 1. Juli 2019, beginnt das Sommerferienprogramm der Stadtjugendpflege Ratzeburg im \u201ePavillon\u201c an der Schlo\u00dfwiese. Es ist der 18. Markt der (Un)M\u00f6glichkeiten. Vom 1. bis 19. Juli 2019 wird im \u201ePavillon\u201c an der Schlo\u00dfwiese erneut ein interessantes und abwechslungsreiches Ferienprogramm angeboten. Montags bis freitags von 14 bis 17 Uhr steht die Stadtjugendpflege [&hellip;]<\/p>\n","protected":false},"author":2,"featured_media":15137,"comment_status":"open","ping_status":"closed","sticky":false,"template":"","format":"standard","meta":{"jnews-multi-image_gallery":[],"jnews_single_post":[],"jnews_primary_category":[],"jnews_social_meta":[],"jnews_override_counter":[],"jnews_post_split":[],"footnotes":""},"categories":[74,64],"tags":[114,1879],"class_list":["post-15136","post","type-post","status-publish","format-standard","has-post-thumbnail","hentry","category-jugend-direkt","category-ratzeburg","tag-ratzeburg","tag-sommerferien-2019"],"_links":{"self":[{"href":"https:\/\/herzogtum-direkt.de\/index.php\/wp-json\/wp\/v2\/posts\/15136","targetHints":{"allow":["GET"]}}],"collection":[{"href":"https:\/\/herzogtum-direkt.de\/index.php\/wp-json\/wp\/v2\/posts"}],"about":[{"href":"https:\/\/herzogtum-direkt.de\/index.php\/wp-json\/wp\/v2\/types\/post"}],"author":[{"embeddable":true,"href":"https:\/\/herzogtum-direkt.de\/index.php\/wp-json\/wp\/v2\/users\/2"}],"replies":[{"embeddable":true,"href":"https:\/\/herzogtum-direkt.de\/index.php\/wp-json\/wp\/v2\/comments?post=15136"}],"version-history":[{"count":1,"href":"https:\/\/herzogtum-direkt.de\/index.php\/wp-json\/wp\/v2\/posts\/15136\/revisions"}],"predecessor-version":[{"id":15138,"href":"https:\/\/herzogtum-direkt.de\/index.php\/wp-json\/wp\/v2\/posts\/15136\/revisions\/15138"}],"wp:featuredmedia":[{"embeddable":true,"href":"https:\/\/herzogtum-direkt.de\/index.php\/wp-json\/wp\/v2\/media\/15137"}],"wp:attachment":[{"href":"https:\/\/herzogtum-direkt.de\/index.php\/wp-json\/wp\/v2\/media?parent=15136"}],"wp:term":[{"taxonomy":"category","embeddable":true,"href":"https:\/\/herzogtum-direkt.de\/index.php\/wp-json\/wp\/v2\/categories?post=15136"},{"taxonomy":"post_tag","embeddable":true,"href":"https:\/\/herzogtum-direkt.de\/index.php\/wp-json\/wp\/v2\/tags?post=15136"}],"curies":[{"name":"wp","href":"https:\/\/api.w.org\/{rel}","templated":true}]}}