{"id":15056,"date":"2019-06-18T05:02:25","date_gmt":"2019-06-18T03:02:25","guid":{"rendered":"https:\/\/herzogtum-direkt.de\/?p=15056"},"modified":"2019-06-18T10:07:32","modified_gmt":"2019-06-18T08:07:32","slug":"spd-kreistagsfraktion-erste-risse-im-schwarz-qruenem-buendnis-deutlich-erkennbar","status":"publish","type":"post","link":"https:\/\/herzogtum-direkt.de\/index.php\/2019\/06\/18\/spd-kreistagsfraktion-erste-risse-im-schwarz-qruenem-buendnis-deutlich-erkennbar\/","title":{"rendered":"SPD-Kreistagsfraktion: Erste Risse im schwarz\/qr\u00fcnem B\u00fcndnis deutlich erkennbar"},"content":{"rendered":"<p>Herzogtum Lauenburg (pm). Die Kreistagssitzung am vergangenen Donnerstag habe aus Sicht der lauenburgischen Sozialdemokraten sehr deutlich gemacht, dass das schwarz gr\u00fcne B\u00fcndnis die ersten sichtbaren Risse hat. Dieses sei laut SPD insbesondere deutlich geworden, als der Antrag zum notwendigen Klimaschutz in den Ausschuss verwiesen wurde.<\/p>\n<p>&#8222;Der Gipfel war&#8220;, so Jens Meyer, Vorsitzender der SPD-Kreistagsfraktion, &#8222;dass Beschl\u00fcsse, die eigentlich in den Fachaussch\u00fcssen besprochen werden sollten, durch den Kreistag vorweg bestimmt wurden.&#8220; Das w\u00e4re unter anderem sehr deutlich im Verhalten der<br \/>\nschwarz-gr\u00fcnen Mehrheit zum Thema Campus M\u00f6lln geworden. Hier w\u00e4re es aus Sicht der Sozialdemokraten erforderlich gewesen, die Er\u00f6rterung der Lenkungsgruppe am Folgetag sowie die Beratungen des Sozial-, Bildungs- und Kulturausschusses in der kommenden Woche abzuwarten, gegen alle anderen Fraktionen im Kreistag hat schwarz-gr\u00fcn durchgestimmt. Dazu die Ausschussvorsitzende und bildungspolitische Sprecherin der SPD, Gitta Neemann-G\u00fcntner: &#8222;Dies ist ein Schlag in das Gesicht aller Ausschussmitglieder, den fachbezogenen Rat nicht einzuholen. Ein solches Verhalten k\u00f6nnte zu einer politischen Eiszeit den zwischen den im Kreistag agierenden Parteien f\u00fchren.&#8220;<\/p>\n<p>Jens Meyer erg\u00e4nzt: &#8222;Das Verhalten vom letzten Donnerstag kann man nur als politische Arroganz bezeichnen. Mit Erstaunen nehmen wir Sozialdemokraten zur Kenntnis, dass schwarz-gr\u00fcn verschiedene Themen und Ans\u00e4tze in den Kreistag zieht, f\u00fcr die wir als\u00a0 Sozialdemokraten schon vor Jahren Antr\u00e4ge gestellt haben, die damals abgelehnt wurden. Das schwarz-gr\u00fcne B\u00fcndnis schm\u00fcckt sich mit fremden Federn. Dies ist kein fairer politischer Stil der Auseinandersetzungen. Selbstverst\u00e4ndlich haben wir Sozialdemokraten den Antr\u00e4gen zum gro\u00dfen Teil zugestimmt, weil sie inhaltlich genau mit dem \u00fcbereinstimmen, was die SPD-Fraktion schon in mehreren Kreistagen in den vergangenen Jahren gefordert hatte.&#8220;<\/p>\n","protected":false},"excerpt":{"rendered":"<p>Herzogtum Lauenburg (pm). Die Kreistagssitzung am vergangenen Donnerstag habe aus Sicht der lauenburgischen Sozialdemokraten sehr deutlich gemacht, dass das schwarz gr\u00fcne B\u00fcndnis die ersten sichtbaren Risse hat. Dieses sei laut SPD insbesondere deutlich geworden, als der Antrag zum notwendigen Klimaschutz in den Ausschuss verwiesen wurde. &#8222;Der Gipfel war&#8220;, so Jens Meyer, Vorsitzender der SPD-Kreistagsfraktion, &#8222;dass [&hellip;]<\/p>\n","protected":false},"author":2,"featured_media":1186,"comment_status":"open","ping_status":"closed","sticky":false,"template":"","format":"standard","meta":{"jnews-multi-image_gallery":[],"jnews_single_post":[],"jnews_primary_category":[],"jnews_social_meta":[],"jnews_override_counter":[],"jnews_post_split":[],"footnotes":""},"categories":[63,2],"tags":[1122,559],"class_list":["post-15056","post","type-post","status-publish","format-standard","has-post-thumbnail","hentry","category-herzogtum-lauenburg","category-startseite","tag-kreistag","tag-spd-kreistagsfraktion"],"_links":{"self":[{"href":"https:\/\/herzogtum-direkt.de\/index.php\/wp-json\/wp\/v2\/posts\/15056","targetHints":{"allow":["GET"]}}],"collection":[{"href":"https:\/\/herzogtum-direkt.de\/index.php\/wp-json\/wp\/v2\/posts"}],"about":[{"href":"https:\/\/herzogtum-direkt.de\/index.php\/wp-json\/wp\/v2\/types\/post"}],"author":[{"embeddable":true,"href":"https:\/\/herzogtum-direkt.de\/index.php\/wp-json\/wp\/v2\/users\/2"}],"replies":[{"embeddable":true,"href":"https:\/\/herzogtum-direkt.de\/index.php\/wp-json\/wp\/v2\/comments?post=15056"}],"version-history":[{"count":1,"href":"https:\/\/herzogtum-direkt.de\/index.php\/wp-json\/wp\/v2\/posts\/15056\/revisions"}],"predecessor-version":[{"id":15057,"href":"https:\/\/herzogtum-direkt.de\/index.php\/wp-json\/wp\/v2\/posts\/15056\/revisions\/15057"}],"wp:featuredmedia":[{"embeddable":true,"href":"https:\/\/herzogtum-direkt.de\/index.php\/wp-json\/wp\/v2\/media\/1186"}],"wp:attachment":[{"href":"https:\/\/herzogtum-direkt.de\/index.php\/wp-json\/wp\/v2\/media?parent=15056"}],"wp:term":[{"taxonomy":"category","embeddable":true,"href":"https:\/\/herzogtum-direkt.de\/index.php\/wp-json\/wp\/v2\/categories?post=15056"},{"taxonomy":"post_tag","embeddable":true,"href":"https:\/\/herzogtum-direkt.de\/index.php\/wp-json\/wp\/v2\/tags?post=15056"}],"curies":[{"name":"wp","href":"https:\/\/api.w.org\/{rel}","templated":true}]}}