{"id":14909,"date":"2019-06-13T08:32:05","date_gmt":"2019-06-13T06:32:05","guid":{"rendered":"https:\/\/herzogtum-direkt.de\/?p=14909"},"modified":"2019-06-13T08:32:05","modified_gmt":"2019-06-13T06:32:05","slug":"prognosen-zum-klimawandel","status":"publish","type":"post","link":"https:\/\/herzogtum-direkt.de\/index.php\/2019\/06\/13\/prognosen-zum-klimawandel\/","title":{"rendered":"Prognosen zum Klimawandel"},"content":{"rendered":"<p><strong>M\u00f6lln (pm).<\/strong> Der Bund f\u00fcr Umwelt und Naturschutz Deutschland (BUND) l\u00e4dt am Freitag, 21. Juni,\u00a0 ins Naturparkzentrum Uhlenkolk zum Vortrag von Professor Dr. Daniela Jacob (Helmholz-Zentrum Geesthacht) ein. Los geht es um 19 Uhr im Waldhallenweg 11.<\/p>\n<p>Sind D\u00fcrre, Kreislaufprobleme, Hochwassersch\u00e4den in von Menschen verst\u00e4rkten Klima\u00e4nderungen begr\u00fcndet und Schattenseiten der Wetterextreme? Was ist zu tun? Der Vortrag zeigt auch die Auswirkungen in einem \u201eWeiter-wie-bisher-Szenario\u201c auf und begr\u00fcndet, welche Ziele und Ma\u00dfnahmen unter anderem beim St\u00e4dtebau, Verkehr, bei der Energieversorgung, in der Landwirtschaft sowie im Privaten erforderlich und geeignet sind f\u00fcr eine ad\u00e4quate Anpassung an die neuen Klimaprobleme. Moderation Dr. Heinz Kl\u00f6ser (BUND).<\/p>\n<p>Um eine F\u00fcnf-Euro-Eintrittspende f\u00fcr die Renaturierung der Delvenau wird gebeten.<\/p>\n","protected":false},"excerpt":{"rendered":"<p>M\u00f6lln (pm). Der Bund f\u00fcr Umwelt und Naturschutz Deutschland (BUND) l\u00e4dt am Freitag, 21. Juni,\u00a0 ins Naturparkzentrum Uhlenkolk zum Vortrag von Professor Dr. Daniela Jacob (Helmholz-Zentrum Geesthacht) ein. Los geht es um 19 Uhr im Waldhallenweg 11. Sind D\u00fcrre, Kreislaufprobleme, Hochwassersch\u00e4den in von Menschen verst\u00e4rkten Klima\u00e4nderungen begr\u00fcndet und Schattenseiten der Wetterextreme? Was ist zu tun? [&hellip;]<\/p>\n","protected":false},"author":2,"featured_media":14910,"comment_status":"open","ping_status":"closed","sticky":false,"template":"","format":"standard","meta":{"jnews-multi-image_gallery":[],"jnews_single_post":[],"jnews_primary_category":[],"jnews_social_meta":[],"jnews_override_counter":[],"jnews_post_split":[],"footnotes":""},"categories":[66,1237],"tags":[205,1826,1719],"class_list":["post-14909","post","type-post","status-publish","format-standard","has-post-thumbnail","hentry","category-moelln","category-umweltnatur","tag-bund-herzogtum-lauenburg","tag-klimaerwaermung","tag-umweltschutz"],"_links":{"self":[{"href":"https:\/\/herzogtum-direkt.de\/index.php\/wp-json\/wp\/v2\/posts\/14909","targetHints":{"allow":["GET"]}}],"collection":[{"href":"https:\/\/herzogtum-direkt.de\/index.php\/wp-json\/wp\/v2\/posts"}],"about":[{"href":"https:\/\/herzogtum-direkt.de\/index.php\/wp-json\/wp\/v2\/types\/post"}],"author":[{"embeddable":true,"href":"https:\/\/herzogtum-direkt.de\/index.php\/wp-json\/wp\/v2\/users\/2"}],"replies":[{"embeddable":true,"href":"https:\/\/herzogtum-direkt.de\/index.php\/wp-json\/wp\/v2\/comments?post=14909"}],"version-history":[{"count":1,"href":"https:\/\/herzogtum-direkt.de\/index.php\/wp-json\/wp\/v2\/posts\/14909\/revisions"}],"predecessor-version":[{"id":14911,"href":"https:\/\/herzogtum-direkt.de\/index.php\/wp-json\/wp\/v2\/posts\/14909\/revisions\/14911"}],"wp:featuredmedia":[{"embeddable":true,"href":"https:\/\/herzogtum-direkt.de\/index.php\/wp-json\/wp\/v2\/media\/14910"}],"wp:attachment":[{"href":"https:\/\/herzogtum-direkt.de\/index.php\/wp-json\/wp\/v2\/media?parent=14909"}],"wp:term":[{"taxonomy":"category","embeddable":true,"href":"https:\/\/herzogtum-direkt.de\/index.php\/wp-json\/wp\/v2\/categories?post=14909"},{"taxonomy":"post_tag","embeddable":true,"href":"https:\/\/herzogtum-direkt.de\/index.php\/wp-json\/wp\/v2\/tags?post=14909"}],"curies":[{"name":"wp","href":"https:\/\/api.w.org\/{rel}","templated":true}]}}